{"id":54232,"date":"2025-02-09T10:48:57","date_gmt":"2025-02-09T13:48:57","guid":{"rendered":"https:\/\/www.radiopresidenteibanez.cl\/web\/?p=54232"},"modified":"2025-02-09T10:49:05","modified_gmt":"2025-02-09T13:49:05","slug":"indignacion-de-vecinos-de-agua-fresca-por-suspension-del-transporte-publico-sin-previo-aviso","status":"publish","type":"post","link":"https:\/\/www.radiopresidenteibanez.cl\/web\/indignacion-de-vecinos-de-agua-fresca-por-suspension-del-transporte-publico-sin-previo-aviso\/","title":{"rendered":"Indignaci\u00f3n de vecinos de Agua Fresca por suspensi\u00f3n del transporte p\u00fablico sin previo aviso"},"content":{"rendered":"\n<p>A trav\u00e9s de un correo electr\u00f3nico, enviado a las 21.30 horas (6 de febrero), por parte de la Secretar\u00eda Regional Ministerial de Transporte, la Junta de Vecinos de Agua Fresca se enter\u00f3 que,<br>desde hoy, no habr\u00e1 recorrido de transporte p\u00fablico desde San Juan a Punta<br>Arenas, ida y regreso.<br>En un correo anterior, desde la misma secretar\u00eda, enviado a las 17.30 horas, se<br>daba aviso sobre esta suspensi\u00f3n, desde el 8 de febrero. Sobre ese correo, lleg\u00f3<br>un segundo, a horas de la noche, que indicaba que el t\u00e9rmino de la licitaci\u00f3n se<br>har\u00eda efectiva un d\u00eda antes.<br>Seg\u00fan la informaci\u00f3n recibida, no habr\u00e1 transporte p\u00fablico para el sector, hasta<br>nuevo aviso, dejando a decenas de personas sin poder llegar a sus trabajos, horas<br>m\u00e9dicas o abastecerse de alimento y agua, por un tiempo indeterminado. Los<br>usuarios de este recorrido subsidiado no tienen otra manera de llegar a Punta<br>Arenas y luego retornar a sus casas, por lo tanto, dependen exclusivamente del<br>transporte p\u00fablico.<br>\u201cHay decenas de vecinos que viven en Agua Fresca, especialmente entre el<br>kil\u00f3metro 12 y el 61 sur: estudiantes, trabajadores, personas mayores, que se<br>est\u00e1n quedando sin transporte de un rato para otro. El 28 de enero tuvimos una<br>reuni\u00f3n con funcionarios de la Seremi de Transporte, donde nos avisaron que el<br>d\u00eda 7 de febrero, ellos vendr\u00edan a nuestra sede a presentar la nueva licitaci\u00f3n de<br>los buses. Jam\u00e1s nos se\u00f1alaron que la actual licitaci\u00f3n se cortar\u00eda hoy. Lo peor de<br>todo, lo que nos indigna, es que no se dio un aviso previo, con un tiempo prudente<br>para que los vecinos se puedan organizar. Hay una falta de consideraci\u00f3n y de<br>respeto por los cientos de vecinos que vivimos en el sector\u201d, coment\u00f3 H\u00e9ctor D\u00edaz,<br>presidente de la Junta de Vecinos de Agua Fresca.<br>Adem\u00e1s de la mencionada reuni\u00f3n de enero, los dirigentes de la junta de vecinos,<br>durante los a\u00f1os 2023 y 2024, han realizaron una serie de diligencias en la Seremi<br>de Transporte, con el af\u00e1n de conocer antecedentes de lo que ser\u00eda la siguiente<br>licitaci\u00f3n del transporte p\u00fablico del sector. Sostuvieron encuentros presenciales<br>con funcionarios, se comunicaron a trav\u00e9s de correos electr\u00f3nicos, entreg\u00e1ndoles<br>antecedentes sobre la cantidad de personas que usaban el transporte, los horarios<br>que eran m\u00e1s demandados por la comunidad, entre otra informaci\u00f3n, lo que indica<\/p>\n\n\n\n<p>que, hasta ahora, habr\u00edan existido suficientes instancias de comunicaci\u00f3n con los<br>dirigentes para avisar con tiempo sobre el cese del recorrido.<br>Hasta hoy, los vecinos contaban con transporte subsidiado de lunes a domingo.<br>De lunes a viernes, el bus contemplaba, entre otros recorridos, el desplazamiento<br>desde el kil\u00f3metro 42, al centro de la ciudad, partiendo a las 06.45 horas.<br>Recorrido que utilizan trabajadores y estudiantes en pr\u00e1ctica en este periodo. Por<br>otra parte, lunes, mi\u00e9rcoles y viernes hab\u00eda un segundo recorrido en la ma\u00f1ana<br>(desde Punta Arenas) y por la tarde (a 18.30 horas), el que llegaba hasta el<br>kil\u00f3metro 61, utilizado en estas fechas por residentes y turistas. Mientras que los<br>martes y jueves, el bus de las 18.30 horas solo llegaba al kil\u00f3metro 42. Estos<br>recorridos, hasta hoy, manten\u00edan conectados a los vecinos de Agua Fresca con la<br>ciudad, para abastecerse de insumos b\u00e1sicos, ir a horas m\u00e9dicas, trabajar y<br>estudiar.<\/p>\n","protected":false},"excerpt":{"rendered":"<p>A trav\u00e9s de un correo electr\u00f3nico, enviado a las 21.30 horas (6 de febrero), por parte de la Secretar\u00eda Regional Ministerial de Transporte, la Junta de Vecinos de Agua Fresca&#8230; <a class=\"read-more\" href=\"https:\/\/www.radiopresidenteibanez.cl\/web\/indignacion-de-vecinos-de-agua-fresca-por-suspension-del-transporte-publico-sin-previo-aviso\/\">Leer m\u00e1s<\/a><\/p>\n","protected":false},"author":2,"featured_media":54233,"comment_status":"closed","ping_status":"closed","sticky":false,"template":"","format":"standard","meta":{"footnotes":""},"categories":[1],"tags":[],"class_list":["post-54232","post","type-post","status-publish","format-standard","has-post-thumbnail","hentry","category-cronica"],"_links":{"self":[{"href":"https:\/\/www.radiopresidenteibanez.cl\/web\/wp-json\/wp\/v2\/posts\/54232","targetHints":{"allow":["GET"]}}],"collection":[{"href":"https:\/\/www.radiopresidenteibanez.cl\/web\/wp-json\/wp\/v2\/posts"}],"about":[{"href":"https:\/\/www.radiopresidenteibanez.cl\/web\/wp-json\/wp\/v2\/types\/post"}],"author":[{"embeddable":true,"href":"https:\/\/www.radiopresidenteibanez.cl\/web\/wp-json\/wp\/v2\/users\/2"}],"replies":[{"embeddable":true,"href":"https:\/\/www.radiopresidenteibanez.cl\/web\/wp-json\/wp\/v2\/comments?post=54232"}],"version-history":[{"count":0,"href":"https:\/\/www.radiopresidenteibanez.cl\/web\/wp-json\/wp\/v2\/posts\/54232\/revisions"}],"wp:featuredmedia":[{"embeddable":true,"href":"https:\/\/www.radiopresidenteibanez.cl\/web\/wp-json\/wp\/v2\/media\/54233"}],"wp:attachment":[{"href":"https:\/\/www.radiopresidenteibanez.cl\/web\/wp-json\/wp\/v2\/media?parent=54232"}],"wp:term":[{"taxonomy":"category","embeddable":true,"href":"https:\/\/www.radiopresidenteibanez.cl\/web\/wp-json\/wp\/v2\/categories?post=54232"},{"taxonomy":"post_tag","embeddable":true,"href":"https:\/\/www.radiopresidenteibanez.cl\/web\/wp-json\/wp\/v2\/tags?post=54232"}],"curies":[{"name":"wp","href":"https:\/\/api.w.org\/{rel}","templated":true}]}}