{"id":54218,"date":"2025-02-07T15:59:00","date_gmt":"2025-02-07T18:59:00","guid":{"rendered":"https:\/\/www.radiopresidenteibanez.cl\/web\/?p=54218"},"modified":"2025-02-07T10:01:35","modified_gmt":"2025-02-07T13:01:35","slug":"pdi-abre-nueva-convocatoria-para-postulantes-a-agentes-policiales","status":"publish","type":"post","link":"https:\/\/www.radiopresidenteibanez.cl\/web\/pdi-abre-nueva-convocatoria-para-postulantes-a-agentes-policiales\/","title":{"rendered":"PDI ABRE NUEVA CONVOCATORIA PARA POSTULANTES A AGENTES POLICIALES"},"content":{"rendered":"\n<p>La convocatoria es abierta para mujeres y hombres, de nacionalidad chilena, que<br>est\u00e9n interesados en postular al Centro de Capacitaci\u00f3n Profesional para el cargo<br>de Agentes Policiales, integr\u00e1ndose a la instituci\u00f3n, obteniendo acceso a previsi\u00f3n<br>y salud durante el per\u00edodo de estudio.<\/p>\n\n\n\n<p>Los seleccionados recibir\u00e1n la formaci\u00f3n t\u00e9cnica-profesional que los facultar\u00e1 para<br>prestar apoyo permanente a la labor policial y de calidad en los diversos procesos<br>investigativos, tales como operador t\u00e1ctico, control migratorio, integrar equipos de<br>trabajo centrados en investigaci\u00f3n de fen\u00f3menos criminales correspondiente al<br>Modelo Territorial Cero (MT-0), gu\u00eda canino, protecci\u00f3n de personas, adem\u00e1s de<br>recuperaci\u00f3n y manejo de las evidencias, entre otras labores.<\/p>\n\n\n\n<p>Los egresados contar\u00e1n con identificaci\u00f3n policial, correspondiente a la Placa de<br>Servicio Institucional, arma de servicio y una remuneraci\u00f3n bruta aproximada de $<br>1.000.000, (esto \u00faltimo con la reciente aprobaci\u00f3n en el Congreso Nacional y<br>pronta promulgaci\u00f3n del ejecutivo de la Ley que modifica la Planta de Apoyo<br>General) para luego ir ascendiendo de grado dentro del escalaf\u00f3n de Agentes<br>Policiales.<\/p>\n\n\n\n<p>Los requisitos, adem\u00e1s de ser chileno (a), incluyen tener entre 18 y 30 a\u00f1os a la<br>fecha de inicio de la formaci\u00f3n, poseer licencia de Ense\u00f1anza Media, situaci\u00f3n<br>militar al d\u00eda (no implica haber realizado Servicio Militar), salud compatible con la<br>funci\u00f3n policial, licencia de conducir clase B, antecedentes personales y familiares<br>intachables. El proceso de inscripci\u00f3n es gratuito y la selecci\u00f3n contempla una<br>evaluaci\u00f3n psicot\u00e9cnica y otra psicolaboral, ex\u00e1menes m\u00e9dicos, pruebas de<br>aptitud f\u00edsica y la declaraci\u00f3n de historial personal, entre otras etapas.<\/p>\n\n\n\n<p><\/p>\n","protected":false},"excerpt":{"rendered":"<p>La convocatoria es abierta para mujeres y hombres, de nacionalidad chilena, queest\u00e9n interesados en postular al Centro de Capacitaci\u00f3n Profesional para el cargode Agentes Policiales, integr\u00e1ndose a la instituci\u00f3n, obteniendo&#8230; <a class=\"read-more\" href=\"https:\/\/www.radiopresidenteibanez.cl\/web\/pdi-abre-nueva-convocatoria-para-postulantes-a-agentes-policiales\/\">Leer m\u00e1s<\/a><\/p>\n","protected":false},"author":2,"featured_media":54219,"comment_status":"closed","ping_status":"closed","sticky":false,"template":"","format":"standard","meta":{"footnotes":""},"categories":[1],"tags":[],"class_list":["post-54218","post","type-post","status-publish","format-standard","has-post-thumbnail","hentry","category-cronica"],"_links":{"self":[{"href":"https:\/\/www.radiopresidenteibanez.cl\/web\/wp-json\/wp\/v2\/posts\/54218","targetHints":{"allow":["GET"]}}],"collection":[{"href":"https:\/\/www.radiopresidenteibanez.cl\/web\/wp-json\/wp\/v2\/posts"}],"about":[{"href":"https:\/\/www.radiopresidenteibanez.cl\/web\/wp-json\/wp\/v2\/types\/post"}],"author":[{"embeddable":true,"href":"https:\/\/www.radiopresidenteibanez.cl\/web\/wp-json\/wp\/v2\/users\/2"}],"replies":[{"embeddable":true,"href":"https:\/\/www.radiopresidenteibanez.cl\/web\/wp-json\/wp\/v2\/comments?post=54218"}],"version-history":[{"count":0,"href":"https:\/\/www.radiopresidenteibanez.cl\/web\/wp-json\/wp\/v2\/posts\/54218\/revisions"}],"wp:featuredmedia":[{"embeddable":true,"href":"https:\/\/www.radiopresidenteibanez.cl\/web\/wp-json\/wp\/v2\/media\/54219"}],"wp:attachment":[{"href":"https:\/\/www.radiopresidenteibanez.cl\/web\/wp-json\/wp\/v2\/media?parent=54218"}],"wp:term":[{"taxonomy":"category","embeddable":true,"href":"https:\/\/www.radiopresidenteibanez.cl\/web\/wp-json\/wp\/v2\/categories?post=54218"},{"taxonomy":"post_tag","embeddable":true,"href":"https:\/\/www.radiopresidenteibanez.cl\/web\/wp-json\/wp\/v2\/tags?post=54218"}],"curies":[{"name":"wp","href":"https:\/\/api.w.org\/{rel}","templated":true}]}}