{"id":54211,"date":"2025-02-07T13:23:00","date_gmt":"2025-02-07T16:23:00","guid":{"rendered":"https:\/\/www.radiopresidenteibanez.cl\/web\/?p=54211"},"modified":"2025-02-07T09:55:58","modified_gmt":"2025-02-07T12:55:58","slug":"primera-reunion-de-participacion-ciudadana-marca-unhito-en-el-diseno-del-servicio-sanitario-rural-de-agua-fresca","status":"publish","type":"post","link":"https:\/\/www.radiopresidenteibanez.cl\/web\/primera-reunion-de-participacion-ciudadana-marca-unhito-en-el-diseno-del-servicio-sanitario-rural-de-agua-fresca\/","title":{"rendered":"Primera reuni\u00f3n de Participaci\u00f3n Ciudadana marca un hito en el dise\u00f1o del Servicio Sanitario Rural de Agua Fresca"},"content":{"rendered":"\n<p>Con la participaci\u00f3n de cerca de 70 vecinas y vecinos del sector de Agua Fresca,<br>autoridades regionales, comunales y el equipo t\u00e9cnico del Ministerio de Obras P\u00fablicas, se llev\u00f3 a<br>cabo la Primera Reuni\u00f3n de Participaci\u00f3n Ciudadana para el dise\u00f1o del Servicio Sanitario Rural de<br>Agua Fresca. La instancia, organizada por la Subdirecci\u00f3n de Servicios Sanitarios Rurales del<br>ministerio de Obras P\u00fablicas, marca el inicio de un proceso fundamental para garantizar el acceso<br>al agua potable en esta zona de la comuna de Punta Arenas.<br>El proyecto, que cuenta con una inversi\u00f3n sectorial de m\u00e1s de $628 millones, tiene como objetivo<br>presentar un dise\u00f1o de ingenier\u00eda que permita la construcci\u00f3n del Servicio Sanitario Rural con un<br>horizonte de vida \u00fatil de 20 a\u00f1os. La iniciativa considera la identificaci\u00f3n de fuentes de agua,<br>terrenos aptos para la construcci\u00f3n de obras de regulaci\u00f3n y tratamiento, adem\u00e1s del trazado de<br>la red de distribuci\u00f3n.<br>El seremi de Obras P\u00fablicas, Jos\u00e9 Luis Hern\u00e1ndez, valor\u00f3 la alta convocatoria de la reuni\u00f3n y el<br>inter\u00e9s de la comunidad en el desarrollo del proyecto: \u201cHoy tuvimos la oportunidad de realizar la<br>primera participaci\u00f3n ciudadana para el dise\u00f1o del sistema de Agua Potable Rural de Agua Fresca,<br>con una gran asistencia. Nos vamos contentos porque vimos un alto compromiso de los vecinos y<br>vecinas. Este es un sector que crece r\u00e1pidamente y con ello, la necesidad de garantizar servicios<br>b\u00e1sicos para una vida digna. Esperamos que en este 2025 y hasta la finalizaci\u00f3n del dise\u00f1o en<br>febrero de 2026, sigamos avanzando junto a la comunidad.\u201d<br>Por su parte, el seremi de Gobierno, Andro Mimica, destac\u00f3 la importancia de este avance para la<br>comunidad: \u201cEl Presidente Gabriel Boric nos ha solicitado que las soluciones lleguen a todos los<br>territorios, no solo a los centros urbanos. Por eso llegamos hasta Agua Fresca con el principio del<br>fin de una problem\u00e1tica hist\u00f3rica de acceso al agua potable. Estamos trabajando para completar el<br>dise\u00f1o en un a\u00f1o y as\u00ed, a partir de 2026, dar inicio a la ejecuci\u00f3n del proyecto que beneficiar\u00e1 a<br>m\u00e1s de 200 vecinas y vecinos.\u201d<br>Desde la comunidad, el director del Comit\u00e9 de Agua Potable Rural de Agua Fresca, Rodolfo<br>Barrientos, expres\u00f3 su satisfacci\u00f3n con el proceso: \u201cEste proyecto es important\u00edsimo para la<br>comunidad. El agua es un tema complejo en un sector rural, tanto para el consumo como para el<br>diario vivir. Esta reuni\u00f3n nos demuestra que est\u00e1n al tanto de la realidad y que por lo menos es un<br>proceso que no se va a dejar botado porque se ve que hay un compromiso de por medio, tanto<br>por las autoridades como por los funcionarios y los vecinos tambi\u00e9n, nos alegra que exista esta<br>instancia de presentaci\u00f3n p\u00fablica. \u201d<\/p>\n\n\n\n<p>Rub\u00e9n Vidal, uno de los participantes de la reuni\u00f3n, valor\u00f3 la claridad de la presentaci\u00f3n y el<br>impacto del proyecto en la comunidad: \u201cMe pareci\u00f3 una reuni\u00f3n muy provechosa e informativa.<br>La presentaci\u00f3n fue clara y bien preparada. Siempre hay desaf\u00edos en este tipo de proyectos, pero<br>veo que est\u00e1n considerados y que hay un compromiso real para su ejecuci\u00f3n. Creo que va a ser un<br>proyecto muy bueno para el sector de Agua Fresca\u201d<br>Finalmente, el seremi del MOP, realiz\u00f3 un llamado \u201cpara que los vecinos se involucren en el<br>desarrollo de este proyecto, y que sean parte del Comit\u00e9 de Agua Rural de su sector, eso va a<br>permitir que el proyecto avance de buena forma y con mayor rapidez\u201d.<br>Con el convenio Mop- Gobierno Regional, para la etapa de construcci\u00f3n, se espera que este<br>proyecto se transforme en una soluci\u00f3n definitiva para la comunidad de Agua Fresca, permitiendo<br>mejorar su calidad de vida y garantizando el acceso al agua potable en el sector sur de Punta<br>Arenas.<\/p>\n","protected":false},"excerpt":{"rendered":"<p>Con la participaci\u00f3n de cerca de 70 vecinas y vecinos del sector de Agua Fresca,autoridades regionales, comunales y el equipo t\u00e9cnico del Ministerio de Obras P\u00fablicas, se llev\u00f3 acabo la&#8230; <a class=\"read-more\" href=\"https:\/\/www.radiopresidenteibanez.cl\/web\/primera-reunion-de-participacion-ciudadana-marca-unhito-en-el-diseno-del-servicio-sanitario-rural-de-agua-fresca\/\">Leer m\u00e1s<\/a><\/p>\n","protected":false},"author":2,"featured_media":54212,"comment_status":"closed","ping_status":"closed","sticky":false,"template":"","format":"standard","meta":{"footnotes":""},"categories":[1],"tags":[],"class_list":["post-54211","post","type-post","status-publish","format-standard","has-post-thumbnail","hentry","category-cronica"],"_links":{"self":[{"href":"https:\/\/www.radiopresidenteibanez.cl\/web\/wp-json\/wp\/v2\/posts\/54211","targetHints":{"allow":["GET"]}}],"collection":[{"href":"https:\/\/www.radiopresidenteibanez.cl\/web\/wp-json\/wp\/v2\/posts"}],"about":[{"href":"https:\/\/www.radiopresidenteibanez.cl\/web\/wp-json\/wp\/v2\/types\/post"}],"author":[{"embeddable":true,"href":"https:\/\/www.radiopresidenteibanez.cl\/web\/wp-json\/wp\/v2\/users\/2"}],"replies":[{"embeddable":true,"href":"https:\/\/www.radiopresidenteibanez.cl\/web\/wp-json\/wp\/v2\/comments?post=54211"}],"version-history":[{"count":0,"href":"https:\/\/www.radiopresidenteibanez.cl\/web\/wp-json\/wp\/v2\/posts\/54211\/revisions"}],"wp:featuredmedia":[{"embeddable":true,"href":"https:\/\/www.radiopresidenteibanez.cl\/web\/wp-json\/wp\/v2\/media\/54212"}],"wp:attachment":[{"href":"https:\/\/www.radiopresidenteibanez.cl\/web\/wp-json\/wp\/v2\/media?parent=54211"}],"wp:term":[{"taxonomy":"category","embeddable":true,"href":"https:\/\/www.radiopresidenteibanez.cl\/web\/wp-json\/wp\/v2\/categories?post=54211"},{"taxonomy":"post_tag","embeddable":true,"href":"https:\/\/www.radiopresidenteibanez.cl\/web\/wp-json\/wp\/v2\/tags?post=54211"}],"curies":[{"name":"wp","href":"https:\/\/api.w.org\/{rel}","templated":true}]}}