{"id":54204,"date":"2025-02-07T10:56:00","date_gmt":"2025-02-07T13:56:00","guid":{"rendered":"https:\/\/www.radiopresidenteibanez.cl\/web\/?p=54204"},"modified":"2025-02-07T09:49:02","modified_gmt":"2025-02-07T12:49:02","slug":"encuesta-medira-percepcion-ciudadana-y-cientifica-sobre-la-antartica","status":"publish","type":"post","link":"https:\/\/www.radiopresidenteibanez.cl\/web\/encuesta-medira-percepcion-ciudadana-y-cientifica-sobre-la-antartica\/","title":{"rendered":"Encuesta medir\u00e1 percepci\u00f3n ciudadana y cientifica sobre la Antartica"},"content":{"rendered":"\n<p>En el marco del proyecto Nodo Ant\u00e1rtico, liderado por el Instituto Ant\u00e1rtico Chileno<br>(INACH) junto a diversas instituciones de investigaci\u00f3n a nivel nacional, se llevar\u00e1n a cabo<br>dos encuestas para conocer la percepci\u00f3n de la comunidad y de investigadores ant\u00e1rticos<br>sobre temas prioritarios en la investigaci\u00f3n en la Ant\u00e1rtica y la conectividad de Chile con<br>el territorio polar.<br>Se trata de la primera encuesta de percepci\u00f3n sobre la tem\u00e1tica ant\u00e1rtica. La consulta se<br>realizar\u00e1 entre febrero y abril de 2025 en Punta Arenas y Puerto Williams, con una<br>muestra aleatoria de alrededor de 384 personas de Punta Arenas y Puerto Williams. La<br>recolecci\u00f3n de datos se llevar\u00e1 a cabo a trav\u00e9s de dos modalidades: virtual y telef\u00f3nica.<br>\u201cEsta encuesta tiene como objeto conocer la percepci\u00f3n social de la comunidad respecto<br>a diferentes temas que nos permiten conocer el v\u00ednculo, el imaginario social, el dise\u00f1o<br>pol\u00edtico p\u00fablico y prioridades que los habitantes de esta parte del planeta desean<br>promover, desarrollar o est\u00e1n interesados\u201d, se\u00f1ala El\u00edas Barticevic, director adjunto del<br>proyecto Nodo Ant\u00e1rtico.<br>Adem\u00e1s de la consulta a la ciudadan\u00eda, se realizar\u00e1 una encuesta dirigida a<br>investigadores nacionales con el fin de caracterizar las capacidades del Sistema de<br>Ciencia, Tecnolog\u00eda, Conocimiento e Innovaci\u00f3n Ant\u00e1rtico. Esta medici\u00f3n buscar\u00e1<br>identificar necesidades en torno a la promoci\u00f3n de la investigaci\u00f3n, evaluaci\u00f3n de fondos<br>concursables y capacidades t\u00e9cnicas y de laboratorio, entre otros aspectos. Para este<br>grupo, la muestra estimada ser\u00e1 de 278 personas y la aplicaci\u00f3n ser\u00e1 exclusivamente<br>virtual.<br>Actualmente, las encuestas est\u00e1n en etapa de testeo, y se espera que la consultora a<br>cargo inicie el trabajo de campo entre la \u00faltima quincena de febrero y la primera quincena<br>de marzo.<br>\u201cEsperamos que la comunidad nos ayude en esta tarea de contestar la encuesta. Es muy<br>simple de responder, no es tan larga, y lo m\u00e1s importante es que nos permitir\u00e1 saber cu\u00e1l<br>es la percepci\u00f3n social de la comunidad y de la comunidad cient\u00edfica, por lo cual es de<br>suma importancia su participaci\u00f3n para responder las consultas\u201d, agrega Barticevic.<br>La encuesta ser\u00e1 desarrollada por la empresa Nodo asegura que todas las respuestas<br>ser\u00e1n tratadas con total confidencialidad, garantizando el anonimato de los encuestados y<br>resguardando el secreto estad\u00edstico.<\/p>\n","protected":false},"excerpt":{"rendered":"<p>En el marco del proyecto Nodo Ant\u00e1rtico, liderado por el Instituto Ant\u00e1rtico Chileno(INACH) junto a diversas instituciones de investigaci\u00f3n a nivel nacional, se llevar\u00e1n a cabodos encuestas para conocer la&#8230; <a class=\"read-more\" href=\"https:\/\/www.radiopresidenteibanez.cl\/web\/encuesta-medira-percepcion-ciudadana-y-cientifica-sobre-la-antartica\/\">Leer m\u00e1s<\/a><\/p>\n","protected":false},"author":2,"featured_media":54205,"comment_status":"closed","ping_status":"closed","sticky":false,"template":"","format":"standard","meta":{"footnotes":""},"categories":[1],"tags":[],"class_list":["post-54204","post","type-post","status-publish","format-standard","has-post-thumbnail","hentry","category-cronica"],"_links":{"self":[{"href":"https:\/\/www.radiopresidenteibanez.cl\/web\/wp-json\/wp\/v2\/posts\/54204","targetHints":{"allow":["GET"]}}],"collection":[{"href":"https:\/\/www.radiopresidenteibanez.cl\/web\/wp-json\/wp\/v2\/posts"}],"about":[{"href":"https:\/\/www.radiopresidenteibanez.cl\/web\/wp-json\/wp\/v2\/types\/post"}],"author":[{"embeddable":true,"href":"https:\/\/www.radiopresidenteibanez.cl\/web\/wp-json\/wp\/v2\/users\/2"}],"replies":[{"embeddable":true,"href":"https:\/\/www.radiopresidenteibanez.cl\/web\/wp-json\/wp\/v2\/comments?post=54204"}],"version-history":[{"count":0,"href":"https:\/\/www.radiopresidenteibanez.cl\/web\/wp-json\/wp\/v2\/posts\/54204\/revisions"}],"wp:featuredmedia":[{"embeddable":true,"href":"https:\/\/www.radiopresidenteibanez.cl\/web\/wp-json\/wp\/v2\/media\/54205"}],"wp:attachment":[{"href":"https:\/\/www.radiopresidenteibanez.cl\/web\/wp-json\/wp\/v2\/media?parent=54204"}],"wp:term":[{"taxonomy":"category","embeddable":true,"href":"https:\/\/www.radiopresidenteibanez.cl\/web\/wp-json\/wp\/v2\/categories?post=54204"},{"taxonomy":"post_tag","embeddable":true,"href":"https:\/\/www.radiopresidenteibanez.cl\/web\/wp-json\/wp\/v2\/tags?post=54204"}],"curies":[{"name":"wp","href":"https:\/\/api.w.org\/{rel}","templated":true}]}}