{"id":542,"date":"2019-01-18T17:29:34","date_gmt":"2019-01-18T17:29:34","guid":{"rendered":"http:\/\/www.radiopresidenteibanez.cl\/web\/?p=542"},"modified":"2019-01-18T17:29:36","modified_gmt":"2019-01-18T17:29:36","slug":"cequa-se-une-por-cuarta-vez-consecutiva-a-la-expo-magallanes","status":"publish","type":"post","link":"https:\/\/www.radiopresidenteibanez.cl\/web\/cequa-se-une-por-cuarta-vez-consecutiva-a-la-expo-magallanes\/","title":{"rendered":"CEQUA SE UNE POR CUARTA VEZ CONSECUTIVA A LA EXPO MAGALLANES"},"content":{"rendered":"\n<p>El Centro Regional Fundaci\u00f3n\nCEQUA volver\u00e1 a participar en la Expo Magallanes, evento que se realizar\u00e1 entre\nel lunes 21 y el domingo 27 de este mes, y que re\u00fane a los representantes del\nsector productivo de la regi\u00f3n, sean \u00e9stos grandes, medianas o peque\u00f1as\nempresas, adem\u00e1s de los emprendedores locales.<\/p>\n\n\n\n<p>El aporte del centro de\ninvestigaci\u00f3n regional se plantea como una alternativa diferente para quienes\nasistan a la convocatoria organizada por la Asociaci\u00f3n Gremial de Industrias y\nArtesanos de Magallanes (Agia), que se efectuar\u00e1 en dependencias del Liceo\nSalesiano San Jos\u00e9 de Punta Arenas y como otra forma de acercamiento de la\nciencia a la comunidad.<\/p>\n\n\n\n<p>En el stand CEQUA se presentar\u00e1n\nalgunos de los proyectos investigativos que est\u00e1n en ejecuci\u00f3n y que tienen\nrelaci\u00f3n con la transferencia de conocimientos desde el \u00e1mbito de la ciencia al\nsector turismo, adem\u00e1s de iniciativas de rescate patrimonial-cultural, otras relacionadas\na la educaci\u00f3n y el medioambiente.<\/p>\n\n\n\n<p>En el \u00e1mbito patrimonial, se considerar\u00e1n\nantecedentes sobre los pueblos originarios que habitaron la Patagonia Austral,\nadem\u00e1s de iniciativas que favorecen el rescate de la memoria hist\u00f3rica y\npatrimonial de la regi\u00f3n. <\/p>\n\n\n\n<p>Todas estas propuestas ser\u00e1n difundidas\nen conversaciones did\u00e1cticas a cargo de profesionales e investigadores CEQUA y\nde material audiovisual alusivo a estas actividades.<\/p>\n\n\n\n<p>La Expo Magallanes 2019 contar\u00e1\ncon m\u00e1s de 195 stands, que incluir\u00e1n a expositores en productos de mar,\nplantas, hortalizas, \u00e1rboles, comidas regionales, chocolates, helados,\nartesan\u00edas y manualidades, entre otros. Entre los participantes se contar\u00e1n\nrepresentantes de&nbsp; Magallanes y de localidades\nde regiones como Coquimbo, Valpara\u00edso, Metropolitana, del Maule, de La\nAraucan\u00eda y de Los Lagos.<\/p>\n\n\n\n<p>El stand CEQUA estar\u00e1 ubicado en\nel segundo piso del recinto ubicado en Fagnano 550, en el N\u00b0 175.<\/p>\n","protected":false},"excerpt":{"rendered":"<p>El Centro Regional Fundaci\u00f3n CEQUA volver\u00e1 a participar en la Expo Magallanes, evento que se realizar\u00e1 entre el lunes 21 y el domingo 27 de este mes, y que re\u00fane&#8230; <a class=\"read-more\" href=\"https:\/\/www.radiopresidenteibanez.cl\/web\/cequa-se-une-por-cuarta-vez-consecutiva-a-la-expo-magallanes\/\">Leer m\u00e1s<\/a><\/p>\n","protected":false},"author":2,"featured_media":543,"comment_status":"closed","ping_status":"closed","sticky":false,"template":"","format":"standard","meta":{"footnotes":""},"categories":[1],"tags":[],"class_list":["post-542","post","type-post","status-publish","format-standard","has-post-thumbnail","hentry","category-cronica"],"_links":{"self":[{"href":"https:\/\/www.radiopresidenteibanez.cl\/web\/wp-json\/wp\/v2\/posts\/542","targetHints":{"allow":["GET"]}}],"collection":[{"href":"https:\/\/www.radiopresidenteibanez.cl\/web\/wp-json\/wp\/v2\/posts"}],"about":[{"href":"https:\/\/www.radiopresidenteibanez.cl\/web\/wp-json\/wp\/v2\/types\/post"}],"author":[{"embeddable":true,"href":"https:\/\/www.radiopresidenteibanez.cl\/web\/wp-json\/wp\/v2\/users\/2"}],"replies":[{"embeddable":true,"href":"https:\/\/www.radiopresidenteibanez.cl\/web\/wp-json\/wp\/v2\/comments?post=542"}],"version-history":[{"count":0,"href":"https:\/\/www.radiopresidenteibanez.cl\/web\/wp-json\/wp\/v2\/posts\/542\/revisions"}],"wp:featuredmedia":[{"embeddable":true,"href":"https:\/\/www.radiopresidenteibanez.cl\/web\/wp-json\/wp\/v2\/media\/543"}],"wp:attachment":[{"href":"https:\/\/www.radiopresidenteibanez.cl\/web\/wp-json\/wp\/v2\/media?parent=542"}],"wp:term":[{"taxonomy":"category","embeddable":true,"href":"https:\/\/www.radiopresidenteibanez.cl\/web\/wp-json\/wp\/v2\/categories?post=542"},{"taxonomy":"post_tag","embeddable":true,"href":"https:\/\/www.radiopresidenteibanez.cl\/web\/wp-json\/wp\/v2\/tags?post=542"}],"curies":[{"name":"wp","href":"https:\/\/api.w.org\/{rel}","templated":true}]}}