{"id":54175,"date":"2025-02-06T11:49:00","date_gmt":"2025-02-06T14:49:00","guid":{"rendered":"https:\/\/www.radiopresidenteibanez.cl\/web\/?p=54175"},"modified":"2025-02-06T09:05:10","modified_gmt":"2025-02-06T12:05:10","slug":"registro-civil-ofrecera-atencion-extraordinaria-en-mall-espacio-urbano-pionero-todos-los-lunes-de-febrero","status":"publish","type":"post","link":"https:\/\/www.radiopresidenteibanez.cl\/web\/registro-civil-ofrecera-atencion-extraordinaria-en-mall-espacio-urbano-pionero-todos-los-lunes-de-febrero\/","title":{"rendered":"Registro Civil ofrecer\u00e1 atenci\u00f3n extraordinaria en Mall Espacio Urbano Pionero todos los lunes de Febrero"},"content":{"rendered":"\n<p>El Servicio de Registro Civil e Identificaci\u00f3n (SRCEI) anunci\u00f3 que, durante<br>todos los lunes del mes, brindar\u00e1 atenci\u00f3n extraordinaria a la ciudadan\u00eda<br>con su Equipo de Atenci\u00f3n en Terreno. La atenci\u00f3n se llevar\u00e1 a cabo de<br>09:00 a 13:00 horas en el primer piso del Mall Espacio Urbano Pionero<br>(Avenida Presidente Eduardo Frei Montalva N\u00b001110, entrada frente a<br>estacionamiento de taxis), permitiendo a los usuarios\/as realizar tr\u00e1mites<br>como la solicitud de c\u00e9dulas de identidad y pasaportes y la entrega de<br>C\u00f3digos de Activaci\u00f3n para la Clave \u00danica.<br>La Seremi de Justicia y Derechos Humanos, Michelle Peutat Alvarado,<br>destac\u00f3 la importancia de esta iniciativa para acercar los servicios del<br>Registro Civil a la comunidad, facilitando el acceso a documentos<br>esenciales sin necesidad de acudir a oficinas se\u00f1alando: \u201cEstas acciones<br>responden al mandato de nuestro Presidente de estar presentes en el<br>territorio acercando los servicios a la ciudadan\u00eda para facilitar la<br>realizaci\u00f3n de distintos tr\u00e1mites que resultan esenciales, sobre todo en<br>per\u00edodo estival\u201d.<br>Por su parte, la directora regional del Servicio de Registro Civil, Lorena<br>Bustamante N\u00fa\u00f1ez, explic\u00f3 que esta estrategia permite ampliar la<br>cobertura geogr\u00e1fica en Punta Arenas y mejorar la calidad del servicio.<br>\u00abLa alianza con Espacio Urbano ha sido clave para optimizar la prestaci\u00f3n<br>de nuestros servicios y facilitar la interacci\u00f3n con la ciudadan\u00eda. Adem\u00e1s,<br>esta iniciativa ha sido altamente valorada por nuestros usuarios, quienes<br>encuentran en este punto un acceso alternativo para sus tr\u00e1mites\u00bb,<br>destac\u00f3 la autoridad regional.<br>Esta acci\u00f3n se enmarca en la pol\u00edtica de acercamiento del SRCEI a la<br>comunidad, con el objetivo de reforzar su presencia en terreno y cumplir<br>con una atenci\u00f3n descentralizada.<\/p>\n","protected":false},"excerpt":{"rendered":"<p>El Servicio de Registro Civil e Identificaci\u00f3n (SRCEI) anunci\u00f3 que, durantetodos los lunes del mes, brindar\u00e1 atenci\u00f3n extraordinaria a la ciudadan\u00edacon su Equipo de Atenci\u00f3n en Terreno. La atenci\u00f3n se&#8230; <a class=\"read-more\" href=\"https:\/\/www.radiopresidenteibanez.cl\/web\/registro-civil-ofrecera-atencion-extraordinaria-en-mall-espacio-urbano-pionero-todos-los-lunes-de-febrero\/\">Leer m\u00e1s<\/a><\/p>\n","protected":false},"author":2,"featured_media":54176,"comment_status":"closed","ping_status":"closed","sticky":false,"template":"","format":"standard","meta":{"footnotes":""},"categories":[1],"tags":[],"class_list":["post-54175","post","type-post","status-publish","format-standard","has-post-thumbnail","hentry","category-cronica"],"_links":{"self":[{"href":"https:\/\/www.radiopresidenteibanez.cl\/web\/wp-json\/wp\/v2\/posts\/54175","targetHints":{"allow":["GET"]}}],"collection":[{"href":"https:\/\/www.radiopresidenteibanez.cl\/web\/wp-json\/wp\/v2\/posts"}],"about":[{"href":"https:\/\/www.radiopresidenteibanez.cl\/web\/wp-json\/wp\/v2\/types\/post"}],"author":[{"embeddable":true,"href":"https:\/\/www.radiopresidenteibanez.cl\/web\/wp-json\/wp\/v2\/users\/2"}],"replies":[{"embeddable":true,"href":"https:\/\/www.radiopresidenteibanez.cl\/web\/wp-json\/wp\/v2\/comments?post=54175"}],"version-history":[{"count":0,"href":"https:\/\/www.radiopresidenteibanez.cl\/web\/wp-json\/wp\/v2\/posts\/54175\/revisions"}],"wp:featuredmedia":[{"embeddable":true,"href":"https:\/\/www.radiopresidenteibanez.cl\/web\/wp-json\/wp\/v2\/media\/54176"}],"wp:attachment":[{"href":"https:\/\/www.radiopresidenteibanez.cl\/web\/wp-json\/wp\/v2\/media?parent=54175"}],"wp:term":[{"taxonomy":"category","embeddable":true,"href":"https:\/\/www.radiopresidenteibanez.cl\/web\/wp-json\/wp\/v2\/categories?post=54175"},{"taxonomy":"post_tag","embeddable":true,"href":"https:\/\/www.radiopresidenteibanez.cl\/web\/wp-json\/wp\/v2\/tags?post=54175"}],"curies":[{"name":"wp","href":"https:\/\/api.w.org\/{rel}","templated":true}]}}