{"id":54149,"date":"2025-02-05T12:56:00","date_gmt":"2025-02-05T15:56:00","guid":{"rendered":"https:\/\/www.radiopresidenteibanez.cl\/web\/?p=54149"},"modified":"2025-02-05T09:49:04","modified_gmt":"2025-02-05T12:49:04","slug":"base-profesor-julio-escudero-celebro-sus-30-anos-de-apoyo-a-la-ciencia-antartica","status":"publish","type":"post","link":"https:\/\/www.radiopresidenteibanez.cl\/web\/base-profesor-julio-escudero-celebro-sus-30-anos-de-apoyo-a-la-ciencia-antartica\/","title":{"rendered":"Base \u201cProfesor Julio Escudero\u201d celebr\u00f3 sus 30 a\u00f1os de apoyo a la ciencia ant\u00e1rtica"},"content":{"rendered":"\n<p>Estimados colegas, buenas tardes. Adjunto nota y fotograf\u00eda sobre:<\/p>\n\n\n\n<p>_______________________________________________________________<\/p>\n\n\n\n<p><strong>Base \u201cProfesor Julio Escudero\u201d celebr\u00f3 sus 30 a\u00f1os de apoyo a la ciencia ant\u00e1rtica<\/strong><\/p>\n\n\n\n<p><strong><em>Isla Rey Jorge, 4 de febrero de 2025.-<\/em><\/strong>&nbsp;Con la asistencia de autoridades de la regi\u00f3n de Magallanes y de la Ant\u00e1rtica Chilena, se celebraron hoy los 30 a\u00f1os de la base \u201cProfesor Julio Escudero\u201d, en la isla Rey Jorge.&nbsp;<\/p>\n\n\n\n<p>Esta instalaci\u00f3n del Instituto Ant\u00e1rtico Chileno (INACH), fue inaugurada un 5 de febrero de 1995, con recursos del Gobierno Regional de Magallanes. Desde sus primeros d\u00edas, se ha convertido en un importante pivote para la investigaci\u00f3n polar en las islas Shetland del Sur y a lo largo de la pen\u00ednsula Ant\u00e1rtica. Durante este largo andar de tres d\u00e9cadas al servicio de la ciencia polar, ha acogido a miles de personas dedicadas a la ciencia, log\u00edstica, comunicaciones, cultura y pol\u00edtica ant\u00e1rtica.<\/p>\n\n\n\n<p>El director del INACH, Gino Casassa, subray\u00f3 que \u201ceste es un hito muy relevante en el marco de la LXI Expedici\u00f3n Cient\u00edfica Ant\u00e1rtica. La historia contin\u00faa sobre hombros de gigantes, como dijo don \u00d3scar Pinochet de la Barra, quien inaugur\u00f3 esta base y le puso el nombre de su mentor Julio Escudero, quien a su vez tuvo un rol crucial en la firma del Tratado Ant\u00e1rtico y en la forma del decreto que crea el Territorio Chileno Ant\u00e1rtico\u201d.<\/p>\n\n\n\n<p>Por su parte, el canciller Alberto van Klaveren se hizo presente en el acto a trav\u00e9s de video en el que envi\u00f3 \u201cun caluroso saludo a las y los funcionarios que fueron reconocidos en esta ceremonia y a cada miembro del INACH, quienes se han dedicado por d\u00e9cadas a ampliar nuestros conocimientos sobre el Continente Blanco y a reforzar la vocaci\u00f3n ant\u00e1rtica de Chile.\u201d<\/p>\n\n\n\n<p>Una de las invitadas a la ceremonia fue la gobernadora (s) de Magallanes Eugenia Mancilla, quien manifest\u00f3 su reconocimiento al INACH, que cumple un rol fundamental para la ciencia y la paz. \u201cEn estos 30 a\u00f1os de aniversario, como gobierno regional queremos reforzar y redoblar nuestro compromiso de la investigaci\u00f3n ant\u00e1rtica y preservar este espacio para las generaciones futuras y conservaci\u00f3n de la humanidad\u201d, dijo Mancilla.<\/p>\n\n\n\n<p>En la ceremonia, se oficializ\u00f3 el cambio de jefe de base, asumiendo el mando el ingeniero Pablo Espinoza, del Departamento de Expediciones de INACH. Espinoza confes\u00f3 que \u201ces primera vez que veo la estaci\u00f3n tan llena de gente invitada de las bases vecinas de la isla Rey Jorge. Este ha sido un momento \u00fanico para m\u00ed al darse cuenta de que est\u00e1s dirigiendo una estaci\u00f3n tan importante como esta\u201d.&nbsp;<\/p>\n\n\n\n<p>En la oportunidad tambi\u00e9n se condecor\u00f3 a tres funcionarios de la Instituci\u00f3n: Juan Bravo Araneda (35 a\u00f1os de servicio),Gladys Oyarz\u00fan Segovia y Juan Antonio L\u00f3pez Quintana (20 a\u00f1os de servicio).<\/p>\n\n\n\n<p>En la temporada 2024-2025, se est\u00e1 llevando a cabo la LXI Expedici\u00f3n Cient\u00edfica Ant\u00e1rtica (ECA 61) y en Escudero se encuentran investigadores e investigadoras de proyectos relacionados con biolog\u00eda marina, microbiolog\u00eda, oceanograf\u00eda, meteorolog\u00eda, glaciolog\u00eda y climatolog\u00eda, adem\u00e1s de estudios de contaminantes, algas, esponjas marinas, peces, crust\u00e1ceos, plantas y hongos.<\/p>\n\n\n\n<p>\u201cLas capacidades que se ponen a prueba del Estado de Chile en el territorio ant\u00e1rtico son fundamentales para las expectativas futuras que tenemos, pero tambi\u00e9n para lo que estamos viviendo hoy. Sabemos que lo que se estudia aqu\u00ed repercute en el resto del pa\u00eds mediante el cambio clim\u00e1tico. Ac\u00e1 es un Estado que se pone en conjunto a disposici\u00f3n para el desarrollo y futuro de Chile\u201d, concluy\u00f3 Andro Mimica, seremi de Gobierno de Magallanes.&nbsp;<\/p>\n","protected":false},"excerpt":{"rendered":"<p>Estimados colegas, buenas tardes. Adjunto nota y fotograf\u00eda sobre: _______________________________________________________________ Base \u201cProfesor Julio Escudero\u201d celebr\u00f3 sus 30 a\u00f1os de apoyo a la ciencia ant\u00e1rtica Isla Rey Jorge, 4 de febrero&#8230; <a class=\"read-more\" href=\"https:\/\/www.radiopresidenteibanez.cl\/web\/base-profesor-julio-escudero-celebro-sus-30-anos-de-apoyo-a-la-ciencia-antartica\/\">Leer m\u00e1s<\/a><\/p>\n","protected":false},"author":2,"featured_media":54150,"comment_status":"closed","ping_status":"closed","sticky":false,"template":"","format":"standard","meta":{"footnotes":""},"categories":[1],"tags":[],"class_list":["post-54149","post","type-post","status-publish","format-standard","has-post-thumbnail","hentry","category-cronica"],"_links":{"self":[{"href":"https:\/\/www.radiopresidenteibanez.cl\/web\/wp-json\/wp\/v2\/posts\/54149","targetHints":{"allow":["GET"]}}],"collection":[{"href":"https:\/\/www.radiopresidenteibanez.cl\/web\/wp-json\/wp\/v2\/posts"}],"about":[{"href":"https:\/\/www.radiopresidenteibanez.cl\/web\/wp-json\/wp\/v2\/types\/post"}],"author":[{"embeddable":true,"href":"https:\/\/www.radiopresidenteibanez.cl\/web\/wp-json\/wp\/v2\/users\/2"}],"replies":[{"embeddable":true,"href":"https:\/\/www.radiopresidenteibanez.cl\/web\/wp-json\/wp\/v2\/comments?post=54149"}],"version-history":[{"count":0,"href":"https:\/\/www.radiopresidenteibanez.cl\/web\/wp-json\/wp\/v2\/posts\/54149\/revisions"}],"wp:featuredmedia":[{"embeddable":true,"href":"https:\/\/www.radiopresidenteibanez.cl\/web\/wp-json\/wp\/v2\/media\/54150"}],"wp:attachment":[{"href":"https:\/\/www.radiopresidenteibanez.cl\/web\/wp-json\/wp\/v2\/media?parent=54149"}],"wp:term":[{"taxonomy":"category","embeddable":true,"href":"https:\/\/www.radiopresidenteibanez.cl\/web\/wp-json\/wp\/v2\/categories?post=54149"},{"taxonomy":"post_tag","embeddable":true,"href":"https:\/\/www.radiopresidenteibanez.cl\/web\/wp-json\/wp\/v2\/tags?post=54149"}],"curies":[{"name":"wp","href":"https:\/\/api.w.org\/{rel}","templated":true}]}}