{"id":54136,"date":"2025-02-05T09:34:01","date_gmt":"2025-02-05T12:34:01","guid":{"rendered":"https:\/\/www.radiopresidenteibanez.cl\/web\/?p=54136"},"modified":"2025-02-05T09:34:08","modified_gmt":"2025-02-05T12:34:08","slug":"40-ninos-y-ninas-de-punta-arenas-son-beneficiados-con-el-programa-de-gobierno-activate-en-vacaciones","status":"publish","type":"post","link":"https:\/\/www.radiopresidenteibanez.cl\/web\/40-ninos-y-ninas-de-punta-arenas-son-beneficiados-con-el-programa-de-gobierno-activate-en-vacaciones\/","title":{"rendered":"40 ni\u00f1os y ni\u00f1as de Punta Arenas son beneficiados con el programa de Gobierno \u201cAct\u00edvate en Vacaciones\u201d"},"content":{"rendered":"\n<p>Hasta el Parque Mar\u00eda Behety de Punta Arenas llegaron autoridades regionales y comunales para inaugurar el programa \u201cAct\u00edvate en Vacaciones\u201d, iniciativa del Gobierno de Chile que ofrece actividades deportivas, art\u00edsticas y culturales para ni\u00f1os, ni\u00f1as y adolescentes (NNA), con la finalidad de promover durante sus vacaciones espacios seguros que favorezcan su desarrollo integral.<\/p>\n\n\n\n<p>\u201cAct\u00edvate en Vacaciones\u201d es un programa financiado por el Ministerio de Desarrollo Social y Familia, a trav\u00e9s de la Subsecretar\u00eda de la Ni\u00f1ez, coordinado y promovido por la Junta Nacional de Auxilio Escolar y Becas (JUNAEB), y ejecutado en los territorios por los municipios.<\/p>\n\n\n\n<p>En la jornada estuvieron presentes los 40 ni\u00f1os y ni\u00f1as beneficiarios de este programa que estar\u00e1 en funcionamiento hasta el 28 de febrero en el Liceo Polivalente Sara Braun de Punta Arenas. La primera salida recreativa del grupo fue esta ma\u00f1ana al Parque Mar\u00eda Behety, declarado el primer humedal urbano de la regi\u00f3n, como una forma de conmemorar el D\u00eda Mundial de los Humedales, que se celebra cada 2 de febrero.<\/p>\n\n\n\n<p>El Delegado Presidencial Regional, Jos\u00e9 Antonio Ruiz, lider\u00f3 la jornada se\u00f1alando que \u201cdurante el Gobierno de nuestro Presidente Gabriel Boric se puso en marcha la Ley de Garant\u00edas y Protecci\u00f3n Integral de los Derechos de la Ni\u00f1ez y Adolescencia, que signific\u00f3 un cambio de paradigma al reconocer a los ni\u00f1os, ni\u00f1as y adolescentes como sujetos de derechos. En Magallanes hemos tenido importantes avances en esta materia, como la implementaci\u00f3n de las Oficinas Locales de la Ni\u00f1ez (OLN), que son ejecutadas por los municipios, adem\u00e1s de la conformaci\u00f3n del Consejo Consultivo, y hoy estamos inaugurando este programa que entrega alivio y seguridad a los padres y madres mientras sus hijos se encuentran de vacaciones\u201d.<\/p>\n\n\n\n<p>Tambi\u00e9n, el Seremi de Desarrollo Social y Familia (s), Alex Latorre, destac\u00f3 que \u201cel programa que inauguramos es un ejemplo de las medidas que contempla el Plan Integral para el Bienestar de Ni\u00f1os, Ni\u00f1as y Adolescentes, a cargo de nuestra Subsecretar\u00eda de la Ni\u00f1ez, y que se encarga de prevenir situaciones de vulneraci\u00f3n de derechos y promover entornos sociales y comunitarios seguros. Este plan se concreta mediante la transferencia de recursos desde la Subsecretar\u00eda de la Ni\u00f1ez hacia otras instituciones, como Junaeb, Senda, Senama, Sernatur, entre otras, para que puedan ejecutar su oferta dirigida a la infancia y adolescencia\u201d.<\/p>\n\n\n\n<p>En compa\u00f1\u00eda del Seremi de Educaci\u00f3n, Valent\u00edn Aguilera, la Directora Regional de Desde JUNAEB, Natacha Carrasco, explic\u00f3 que \u201cesta iniciativa se traduce en una inversi\u00f3n de aproximadamente $10 millones que est\u00e1n siendo ejecutados por los distintos servicios involucrados para desarrollar la actividad. El programa de alimentaci\u00f3n escolar que aportamos incluye desayuno, almuerzo y una colaci\u00f3n durante la tarde, lo que se encuentra coordinado para garantizar las condiciones de seguridad y las prestaciones del servicio a los ni\u00f1os y ni\u00f1as\u201d.<\/p>\n\n\n\n<p>Uno de los usuarios de este programa, es Keyner Manjarres de 12 a\u00f1os, estudiante de la Escuela Portugal. Se\u00f1al\u00f3 que \u201caqu\u00ed lo paso bien, comparto con mis amigos y hago cosas para no estar aburrido en mi casa. Lo que m\u00e1s me gusta son las actividades deportivas, como jugar futbol, b\u00e1squet y correr\u201d.<\/p>\n\n\n\n<p><strong>La ejecuci\u00f3n del municipio<\/strong><\/p>\n\n\n\n<p>El Alcalde de Punta Arenas, Claudio Radonich, manifest\u00f3 que \u201ceste programa no es solamente estar en una sala, sino que conocer la comuna, estar muy bien cuidados, con buenos monitores y comiendo sano. El grupo se integra de chicos de diversos colegios y lugares, lo que es una buena oportunidad para conocerse y hacer amigos. Queremos aprovechar de dar gracias a la confianza de los pap\u00e1s, quienes permiten que estos chicos disfruten de un espacio de seguridad, y que contempla conocer la ciudad. Finalmente, les cuento que el 10 de febrero inauguraremos las Colonias Municipales de Verano que van a estar funcionando bajo este mismo esquema\u201d.<\/p>\n\n\n\n<p>A trav\u00e9s de la iniciativa \u201cAct\u00edvate en Vacaciones\u201d, durante 2024 se transfirieron recursos por $1.100.000.000, lo que permiti\u00f3 la apertura de 42 iniciativas ese mismo a\u00f1o y la incorporaci\u00f3n de 51 nuevas escuelas este a\u00f1o, distribuidas en 15 regiones del p<\/p>\n","protected":false},"excerpt":{"rendered":"<p>Hasta el Parque Mar\u00eda Behety de Punta Arenas llegaron autoridades regionales y comunales para inaugurar el programa \u201cAct\u00edvate en Vacaciones\u201d, iniciativa del Gobierno de Chile que ofrece actividades deportivas, art\u00edsticas&#8230; <a class=\"read-more\" href=\"https:\/\/www.radiopresidenteibanez.cl\/web\/40-ninos-y-ninas-de-punta-arenas-son-beneficiados-con-el-programa-de-gobierno-activate-en-vacaciones\/\">Leer m\u00e1s<\/a><\/p>\n","protected":false},"author":2,"featured_media":54137,"comment_status":"closed","ping_status":"closed","sticky":false,"template":"","format":"standard","meta":{"footnotes":""},"categories":[1],"tags":[],"class_list":["post-54136","post","type-post","status-publish","format-standard","has-post-thumbnail","hentry","category-cronica"],"_links":{"self":[{"href":"https:\/\/www.radiopresidenteibanez.cl\/web\/wp-json\/wp\/v2\/posts\/54136","targetHints":{"allow":["GET"]}}],"collection":[{"href":"https:\/\/www.radiopresidenteibanez.cl\/web\/wp-json\/wp\/v2\/posts"}],"about":[{"href":"https:\/\/www.radiopresidenteibanez.cl\/web\/wp-json\/wp\/v2\/types\/post"}],"author":[{"embeddable":true,"href":"https:\/\/www.radiopresidenteibanez.cl\/web\/wp-json\/wp\/v2\/users\/2"}],"replies":[{"embeddable":true,"href":"https:\/\/www.radiopresidenteibanez.cl\/web\/wp-json\/wp\/v2\/comments?post=54136"}],"version-history":[{"count":0,"href":"https:\/\/www.radiopresidenteibanez.cl\/web\/wp-json\/wp\/v2\/posts\/54136\/revisions"}],"wp:featuredmedia":[{"embeddable":true,"href":"https:\/\/www.radiopresidenteibanez.cl\/web\/wp-json\/wp\/v2\/media\/54137"}],"wp:attachment":[{"href":"https:\/\/www.radiopresidenteibanez.cl\/web\/wp-json\/wp\/v2\/media?parent=54136"}],"wp:term":[{"taxonomy":"category","embeddable":true,"href":"https:\/\/www.radiopresidenteibanez.cl\/web\/wp-json\/wp\/v2\/categories?post=54136"},{"taxonomy":"post_tag","embeddable":true,"href":"https:\/\/www.radiopresidenteibanez.cl\/web\/wp-json\/wp\/v2\/tags?post=54136"}],"curies":[{"name":"wp","href":"https:\/\/api.w.org\/{rel}","templated":true}]}}