{"id":54130,"date":"2025-02-04T18:19:00","date_gmt":"2025-02-04T21:19:00","guid":{"rendered":"https:\/\/www.radiopresidenteibanez.cl\/web\/?p=54130"},"modified":"2025-02-04T09:35:09","modified_gmt":"2025-02-04T12:35:09","slug":"sernapesca-informa-el-inicio-de-la-temporada-de-ostion-del-sur-y-patagonico","status":"publish","type":"post","link":"https:\/\/www.radiopresidenteibanez.cl\/web\/sernapesca-informa-el-inicio-de-la-temporada-de-ostion-del-sur-y-patagonico\/","title":{"rendered":"Sernapesca informa el inicio de la temporada de osti\u00f3n del sur y patag\u00f3nico"},"content":{"rendered":"\n<p>Tal como lo se\u00f1ala la normativa pesquera vigente, este mi\u00e9rcoles 5 de febrero de 2025 se da inicio a la temporada de extracci\u00f3n del osti\u00f3n del sur y patag\u00f3nico en la regi\u00f3n de Magallanes, recursos que son de gran importancia para la pesca artesanal de la zona.<\/p>\n\n\n\n<p>Cabe recordar que estos recursos cuentan con varias medidas de administraci\u00f3n para su protecci\u00f3n. Entre ellas se encuentra la extracci\u00f3n limitada exclusivamente a buceo, adem\u00e1s de una talla m\u00ednima de 5,5 de longitud valvar para el osti\u00f3n Patag\u00f3nico y de 7,5 para el osti\u00f3n del sur.<\/p>\n\n\n\n<p>Ximena Gallardo, Directora Regional de Sernapesca Magallanes, se refiri\u00f3 al inicio de esta temporada: \u201cLos ostiones son recursos de vital importancia para nuestra regi\u00f3n, por lo que hacemos un llamado a respetar el tama\u00f1o m\u00ednimo de extracci\u00f3n, los procesos asociados de desembarque y capturarlos con responsabilidad. Desde Sernapesca aumentaremos la fiscalizaci\u00f3n durante este periodo, esperando una cooperaci\u00f3n de los usuarios sectoriales para cuidar estos recursos\u201d, asegur\u00f3.<\/p>\n\n\n\n<p>El desembarque de ambas especies de ostiones est\u00e1 restringido a los puntos de desembarques autorizados en la regi\u00f3n, pudiendo realizarse solo entre las 08:30 y 20:00 horas. Adem\u00e1s, es importante recordar que est\u00e1 absolutamente prohibido el transporte de ejemplares desconchados.<\/p>\n\n\n\n<p>Finalmente, invitamos a la ciudadan\u00eda a consumir estos recursos de manera responsable, s\u00f3lo en lugares autorizados y asegurando que cuenten con su acreditaci\u00f3n de origen legal. De esta forma se avanza en el objetivo de cuidar la sustentabilidad de estos emblem\u00e1ticos recursos de la regi\u00f3n de Magallanes.<\/p>\n","protected":false},"excerpt":{"rendered":"<p>Tal como lo se\u00f1ala la normativa pesquera vigente, este mi\u00e9rcoles 5 de febrero de 2025 se da inicio a la temporada de extracci\u00f3n del osti\u00f3n del sur y patag\u00f3nico en&#8230; <a class=\"read-more\" href=\"https:\/\/www.radiopresidenteibanez.cl\/web\/sernapesca-informa-el-inicio-de-la-temporada-de-ostion-del-sur-y-patagonico\/\">Leer m\u00e1s<\/a><\/p>\n","protected":false},"author":2,"featured_media":54131,"comment_status":"closed","ping_status":"closed","sticky":false,"template":"","format":"standard","meta":{"footnotes":""},"categories":[1],"tags":[],"class_list":["post-54130","post","type-post","status-publish","format-standard","has-post-thumbnail","hentry","category-cronica"],"_links":{"self":[{"href":"https:\/\/www.radiopresidenteibanez.cl\/web\/wp-json\/wp\/v2\/posts\/54130","targetHints":{"allow":["GET"]}}],"collection":[{"href":"https:\/\/www.radiopresidenteibanez.cl\/web\/wp-json\/wp\/v2\/posts"}],"about":[{"href":"https:\/\/www.radiopresidenteibanez.cl\/web\/wp-json\/wp\/v2\/types\/post"}],"author":[{"embeddable":true,"href":"https:\/\/www.radiopresidenteibanez.cl\/web\/wp-json\/wp\/v2\/users\/2"}],"replies":[{"embeddable":true,"href":"https:\/\/www.radiopresidenteibanez.cl\/web\/wp-json\/wp\/v2\/comments?post=54130"}],"version-history":[{"count":0,"href":"https:\/\/www.radiopresidenteibanez.cl\/web\/wp-json\/wp\/v2\/posts\/54130\/revisions"}],"wp:featuredmedia":[{"embeddable":true,"href":"https:\/\/www.radiopresidenteibanez.cl\/web\/wp-json\/wp\/v2\/media\/54131"}],"wp:attachment":[{"href":"https:\/\/www.radiopresidenteibanez.cl\/web\/wp-json\/wp\/v2\/media?parent=54130"}],"wp:term":[{"taxonomy":"category","embeddable":true,"href":"https:\/\/www.radiopresidenteibanez.cl\/web\/wp-json\/wp\/v2\/categories?post=54130"},{"taxonomy":"post_tag","embeddable":true,"href":"https:\/\/www.radiopresidenteibanez.cl\/web\/wp-json\/wp\/v2\/tags?post=54130"}],"curies":[{"name":"wp","href":"https:\/\/api.w.org\/{rel}","templated":true}]}}