{"id":54115,"date":"2025-02-04T11:39:00","date_gmt":"2025-02-04T14:39:00","guid":{"rendered":"https:\/\/www.radiopresidenteibanez.cl\/web\/?p=54115"},"modified":"2025-02-04T09:13:57","modified_gmt":"2025-02-04T12:13:57","slug":"personas-mayores-recorren-patrimonio-natural-de-tierra-del-fuego-para-fortalecer-su-vinculo-con-el-entorno-realizo-un-paseo-a-estromatolitos","status":"publish","type":"post","link":"https:\/\/www.radiopresidenteibanez.cl\/web\/personas-mayores-recorren-patrimonio-natural-de-tierra-del-fuego-para-fortalecer-su-vinculo-con-el-entorno-realizo-un-paseo-a-estromatolitos\/","title":{"rendered":"Personas mayores recorren patrimonio natural de Tierra del Fuego para fortalecer su vinculo con el entorno realizo un paseo a estromatolitos"},"content":{"rendered":"\n<p>El paseo fue organizado por el programa Centro Diurno Comunitario de Senama y la delegaci\u00f3n<br>Delegaci\u00f3n Ppresidencial de Tierra del Fuego. La iniciativa, se realiz\u00f3 en l\u00ednea con uno de los<br>principales objetivos del proyecto, que es . Donde su objetivo es serentregar un espacio a las<br>personas mayores para que puedan ir de manera diaria para que vayan adquiriendo y preservando<br>la funcionalidad del adulto mayor.desempe\u00f1arse en actividades diarias y recreativas, manteniendo<br>el v\u00ednculo con sus pares y con la comunidad.<br>En este marco, las y los participantes asistieron al Monumento Natural Laguna de los Cisnes,<br>donde recorrieron la pasarela para observar los estromatolitos, pudiendo apreciar la riqueza<br>paisaj\u00edstica y arqueol\u00f3gica del sector de la comuna de Porvenir.<br>\u00a8\u201dLa idea de este paseo nace desde ellos mismos cuando les hicimos las consultas de qu\u00e9 es lo que quer\u00edan hacer durante la \u00e9poca del verano, aprovechando que hay d\u00edas m\u00e1s bonitos. Nace de ellos la idea iniciativa de poder hacer un paseo al Parque de los ExtremaduraEstromatolitos., Pporque hab\u00eda personas mayores que no lo conoc\u00edan todav\u00eda\u201d, a\u00f1adi\u00f3 Carmen Sekulovic, coordinadora del Centro Diurno Comunitario.<br>Por su parte, Ester CaucamanCaucam\u00e1n, una adulta mayor participanteusuaria del programa,<br>coment\u00f3 tras ser consultada porsobre su experiencia por durante el paseo: a los estromatolitos,<br>\u201cel El de d\u00eda de hoy me encant\u00f3, muy bueno, demasiado bueno. Y me gusta mucho porque salimos al campo a tomar aire, que lo nos hace muy bien para todos. A veces por , por una uno y otro problema, andamos medio bajoneados, por eso, nos hace muy bien este paseo. \u201c.<br>El Centro Diurno Comunitario es un espacio que nace desde Senama, del Servicio Nacional del<br>Adulto la Junta Mayor y busca . mejorar o mantener la funcionalidad de personas mayores con un<br>grado de dependencia leve, permiti\u00e9ndoles mantenerse en su entorno familiar y social. Y que<br>ejecuta la Delegaci\u00f3n Provincial Presidencial de Tierra del Fuego. Donde trata de tener un espacio<br>para todas nuestras personas mayores, donde ellas puedan venir de manera diaria.<\/p>\n\n\n\n<p>\u201cCuando yo llegue\u00e9 a este programa del centro diurno, no pod\u00eda caminar, me costaba mucho y<br>comenzamos un grupo con estas ni\u00f1as para hacer ejercicio y me ayudo ayud\u00f3 a volver a caminar.\u201d,<br>comento coment\u00f3, Mar\u00eda Ang\u00e9lica Sotomonte, adulta persona mayor que participa en edel<br>programa.<br>Actualmente, la Delegaci\u00f3n Presidencial Provincial de Tierra del Fuego, ejecuta tres programas de<br>Senama, donde adem\u00e1s del Centro Diurno Comunitario, se desarrolla: Cuidados Domiciliarios y<br>Comunidades Que Cuidan. \u201cHoy tenemos una considerable poblaci\u00f3n de personas mayores en<br>nuestra provincia, es por eso que entendemos la importancia de abrir estos espacios e<br>implementar la oferta que el gobierno busca desarrollar para mejorar la calidad de vida de las<br>personas mayores. Estas acciones son evidentes en iniciativas como la reforma de pensiones y<br>tambi\u00e9n en la realizaci\u00f3n de instancias como esta, donde se busca reforzar sus v\u00ednculos con la<br>comunidad y nuestro entorno natural\u201d.<br>La autoridad provincial, tambi\u00e9n quiso destacar el apoyo de la coordinaci\u00f3n del programa en la<br>comuna de Porvenir y el apoyo del CFT Magallanes, quienes colaboraron con el traslado de las<br>personas mayores.<\/p>\n","protected":false},"excerpt":{"rendered":"<p>El paseo fue organizado por el programa Centro Diurno Comunitario de Senama y la delegaci\u00f3nDelegaci\u00f3n Ppresidencial de Tierra del Fuego. La iniciativa, se realiz\u00f3 en l\u00ednea con uno de losprincipales&#8230; <a class=\"read-more\" href=\"https:\/\/www.radiopresidenteibanez.cl\/web\/personas-mayores-recorren-patrimonio-natural-de-tierra-del-fuego-para-fortalecer-su-vinculo-con-el-entorno-realizo-un-paseo-a-estromatolitos\/\">Leer m\u00e1s<\/a><\/p>\n","protected":false},"author":2,"featured_media":54116,"comment_status":"closed","ping_status":"closed","sticky":false,"template":"","format":"standard","meta":{"footnotes":""},"categories":[1],"tags":[],"class_list":["post-54115","post","type-post","status-publish","format-standard","has-post-thumbnail","hentry","category-cronica"],"_links":{"self":[{"href":"https:\/\/www.radiopresidenteibanez.cl\/web\/wp-json\/wp\/v2\/posts\/54115","targetHints":{"allow":["GET"]}}],"collection":[{"href":"https:\/\/www.radiopresidenteibanez.cl\/web\/wp-json\/wp\/v2\/posts"}],"about":[{"href":"https:\/\/www.radiopresidenteibanez.cl\/web\/wp-json\/wp\/v2\/types\/post"}],"author":[{"embeddable":true,"href":"https:\/\/www.radiopresidenteibanez.cl\/web\/wp-json\/wp\/v2\/users\/2"}],"replies":[{"embeddable":true,"href":"https:\/\/www.radiopresidenteibanez.cl\/web\/wp-json\/wp\/v2\/comments?post=54115"}],"version-history":[{"count":0,"href":"https:\/\/www.radiopresidenteibanez.cl\/web\/wp-json\/wp\/v2\/posts\/54115\/revisions"}],"wp:featuredmedia":[{"embeddable":true,"href":"https:\/\/www.radiopresidenteibanez.cl\/web\/wp-json\/wp\/v2\/media\/54116"}],"wp:attachment":[{"href":"https:\/\/www.radiopresidenteibanez.cl\/web\/wp-json\/wp\/v2\/media?parent=54115"}],"wp:term":[{"taxonomy":"category","embeddable":true,"href":"https:\/\/www.radiopresidenteibanez.cl\/web\/wp-json\/wp\/v2\/categories?post=54115"},{"taxonomy":"post_tag","embeddable":true,"href":"https:\/\/www.radiopresidenteibanez.cl\/web\/wp-json\/wp\/v2\/tags?post=54115"}],"curies":[{"name":"wp","href":"https:\/\/api.w.org\/{rel}","templated":true}]}}