{"id":54112,"date":"2025-02-04T10:13:00","date_gmt":"2025-02-04T13:13:00","guid":{"rendered":"https:\/\/www.radiopresidenteibanez.cl\/web\/?p=54112"},"modified":"2025-02-04T09:09:00","modified_gmt":"2025-02-04T12:09:00","slug":"fomentar-la-colaboracion-cientifica-fue-el-eje-central-en-reunion-sostenida-entre-seremi-veronica-vallejos-y-ministra-de-ciencias-colombiana-yesenia-olaya","status":"publish","type":"post","link":"https:\/\/www.radiopresidenteibanez.cl\/web\/fomentar-la-colaboracion-cientifica-fue-el-eje-central-en-reunion-sostenida-entre-seremi-veronica-vallejos-y-ministra-de-ciencias-colombiana-yesenia-olaya\/","title":{"rendered":"Fomentar la colaboraci\u00f3n cient\u00edfica fue el eje central en reuni\u00f3n sostenida entre seremi Ver\u00f3nica Vallejos y ministra de Ciencias colombiana Yesenia Olaya"},"content":{"rendered":"\n<p>Hasta Punta Arenas -con destino a la Ant\u00e1rtica- arrib\u00f3 una delegaci\u00f3n de Colombia encabezada por la ministra de Ciencia, Tecnolog\u00eda e Innovaci\u00f3n del mencionado pa\u00eds, Yesenia Olaya Requene, que aprovech\u00f3 su paso por la capital regional para reunirse con investigadoras e investigadores regionales y as\u00ed conocer algunos proyectos que se est\u00e1n ejecutando con el objetivo de encontrar \u00e1reas afines.<\/p>\n\n\n\n<p>Seg\u00fan inform\u00f3 la seremi de Ciencia, Ver\u00f3nica Vallejos Marchant, tras este encuentro se espera generar redes cient\u00edficas entre la Amazon\u00eda y la macrozona austral, enfocado en proyectos conjuntos que aborden desaf\u00edos globales, como el cambio clim\u00e1tico, la conservaci\u00f3n de la biodiversidad y el desarrollo sustentable. \u201cPara nosotros era muy importante, no solamente presentarle la investigaci\u00f3n que Chile desarrolla en la Ant\u00e1rtica y todo nuestro potencial como su principal puerta de entrada, sino tambi\u00e9n tener la posibilidad de darles a conocer parte de las investigaciones que las instituciones generadoras de conocimiento regionales est\u00e1n ejecutando y que podr\u00edan ser abordadas de manera colaborativa con investigadores e investigadoras de Colombia\u201d.<\/p>\n\n\n\n<p>La autoridad regional fue enf\u00e1tica al asegurar que desde el MinCiencia (Chile) hay gran inter\u00e9s en realizar investigaci\u00f3n transdisciplinar, colaborativa y enfocada en temas relevantes para ambos pa\u00edses, entre ellos la Inteligencia Artificial (IA), que utilizada con responsabilidad puede ser una gran herramienta en distintos \u00e1mbitos dentro de los conocimientos.<\/p>\n\n\n\n<p>En relaci\u00f3n a este tema la ministra de Ciencias de Colombia, Yesenia Olaya Requene, coment\u00f3 que el presidente de su pa\u00eds, Gustavo Petro Urrego, ha hecho un llamado a Am\u00e9rica Latina a avanzar en la democratizaci\u00f3n de los datos producto de la investigaci\u00f3n cient\u00edfica y con lo que se est\u00e1 modelando la IA. \u201cTenemos que llegar a acuerdos en torno a marcos de regulaci\u00f3n \u00e9tica en estas nuevas tecnolog\u00edas, de c\u00f3mo se incorporan en la investigaci\u00f3n cient\u00edfica desde diferentes campos del conocimiento, c\u00f3mo la ciudadan\u00eda accede a los datos, los apropia socialmente y los impactos que est\u00e1 generando en nuestras comunidades. Nosotros hemos tenido conversaciones con la ministra de Ciencia de Chile, estamos desarrollando un marco \u00e9tico de regulaci\u00f3n de la Inteligencia Artificial. Chile ya tiene un proyecto de ley, Colombia va a presentar el suyo para regular esta tecnolog\u00eda en la pr\u00f3xima legislatura, y necesitamos de estas conversaciones binacionales, transfronterizas, que nos permitan garantizar que sea el conocimiento desde la integridad cient\u00edfica, desde una perspectiva bio\u00e9tica, la que oriente la toma de decisiones en nuestros pa\u00edses\u201d.<\/p>\n\n\n\n<p><strong>Generaci\u00f3n de Conocimiento desde Magallanes<\/strong><\/p>\n\n\n\n<p>En la reuni\u00f3n tambi\u00e9n estuvieron presentes las directoras del Instituto de Investigaciones Agropecuarias (INIA Kampenaike), Claudia G\u00f3mez Nome; del Centro de Estudios del Cuaternario de Fuego \u2013 Patagonia y Ant\u00e1rtica, Paola Acu\u00f1a G\u00f3mez; e investigadores de la Universidad de Magallanes, liderados por la Dra. Johanna Marambio, quienes destacaron algunos de sus proyectos, como por ejemplo el estudio de los efectos del cambio clim\u00e1tico en organismos bent\u00f3nicos; la importancia de los bosques de macroalgas para la captura de carbono; y la producci\u00f3n de alimentos para garantizar la seguridad alimentaria.<\/p>\n\n\n\n<p>La directora del INIA Kampenaike se mostr\u00f3 satisfecha con el encuentro, y destac\u00f3 el inter\u00e9s manifestado por la comitiva colombiana en temas de desarrollo agropecuario. \u201cNuestro af\u00e1n siempre va a ser crear alimentos que permitan la seguridad, soberan\u00eda y patrimonio alimentario de nuestra regi\u00f3n. Toda la informaci\u00f3n que generamos queda a disposici\u00f3n del ecosistema de ciencia y eso se lo planteamos al equipo de Colombia, a la vez que reforzamos la importancia de vincularnos para hacer ciencia conjunta. Hoy en d\u00eda la humanidad tiene problemas comunes y necesitamos entender eso y trabajar por encontrar soluciones, as\u00ed como debemos lograr que la ciencia y el conocimiento est\u00e9n democratizados en nuestra regi\u00f3n\u201d.<\/p>\n","protected":false},"excerpt":{"rendered":"<p>Hasta Punta Arenas -con destino a la Ant\u00e1rtica- arrib\u00f3 una delegaci\u00f3n de Colombia encabezada por la ministra de Ciencia, Tecnolog\u00eda e Innovaci\u00f3n del mencionado pa\u00eds, Yesenia Olaya Requene, que aprovech\u00f3&#8230; <a class=\"read-more\" href=\"https:\/\/www.radiopresidenteibanez.cl\/web\/fomentar-la-colaboracion-cientifica-fue-el-eje-central-en-reunion-sostenida-entre-seremi-veronica-vallejos-y-ministra-de-ciencias-colombiana-yesenia-olaya\/\">Leer m\u00e1s<\/a><\/p>\n","protected":false},"author":2,"featured_media":54113,"comment_status":"closed","ping_status":"closed","sticky":false,"template":"","format":"standard","meta":{"footnotes":""},"categories":[1],"tags":[],"class_list":["post-54112","post","type-post","status-publish","format-standard","has-post-thumbnail","hentry","category-cronica"],"_links":{"self":[{"href":"https:\/\/www.radiopresidenteibanez.cl\/web\/wp-json\/wp\/v2\/posts\/54112","targetHints":{"allow":["GET"]}}],"collection":[{"href":"https:\/\/www.radiopresidenteibanez.cl\/web\/wp-json\/wp\/v2\/posts"}],"about":[{"href":"https:\/\/www.radiopresidenteibanez.cl\/web\/wp-json\/wp\/v2\/types\/post"}],"author":[{"embeddable":true,"href":"https:\/\/www.radiopresidenteibanez.cl\/web\/wp-json\/wp\/v2\/users\/2"}],"replies":[{"embeddable":true,"href":"https:\/\/www.radiopresidenteibanez.cl\/web\/wp-json\/wp\/v2\/comments?post=54112"}],"version-history":[{"count":0,"href":"https:\/\/www.radiopresidenteibanez.cl\/web\/wp-json\/wp\/v2\/posts\/54112\/revisions"}],"wp:featuredmedia":[{"embeddable":true,"href":"https:\/\/www.radiopresidenteibanez.cl\/web\/wp-json\/wp\/v2\/media\/54113"}],"wp:attachment":[{"href":"https:\/\/www.radiopresidenteibanez.cl\/web\/wp-json\/wp\/v2\/media?parent=54112"}],"wp:term":[{"taxonomy":"category","embeddable":true,"href":"https:\/\/www.radiopresidenteibanez.cl\/web\/wp-json\/wp\/v2\/categories?post=54112"},{"taxonomy":"post_tag","embeddable":true,"href":"https:\/\/www.radiopresidenteibanez.cl\/web\/wp-json\/wp\/v2\/tags?post=54112"}],"curies":[{"name":"wp","href":"https:\/\/api.w.org\/{rel}","templated":true}]}}