{"id":54101,"date":"2025-02-03T18:49:00","date_gmt":"2025-02-03T21:49:00","guid":{"rendered":"https:\/\/www.radiopresidenteibanez.cl\/web\/?p=54101"},"modified":"2025-02-03T10:37:53","modified_gmt":"2025-02-03T13:37:53","slug":"gobierno-lidero-dialogo-ciudadano-en-porvenir-sobre-el-sistema-chile-cuida","status":"publish","type":"post","link":"https:\/\/www.radiopresidenteibanez.cl\/web\/gobierno-lidero-dialogo-ciudadano-en-porvenir-sobre-el-sistema-chile-cuida\/","title":{"rendered":"Gobierno lider\u00f3 di\u00e1logo ciudadano en Porvenir sobre el Sistema Chile Cuida"},"content":{"rendered":"\n<p>En el marco de su primera visita anual a la provincia de Tierra del Fuego, el Secretario Regional Ministerial de Desarrollo Social y Familia, Danilo Mimica, lleg\u00f3 hasta la comuna de Primavera para reunirse con la nueva alcaldesa, Karina Fern\u00e1ndez, con quien convers\u00f3 acerca de los programas financiados por el ramo y que son ejecutados por el municipio.<\/p>\n\n\n\n<p>Posteriormente, la autoridad regional se traslad\u00f3 a la comuna de Porvenir donde encabez\u00f3 un di\u00e1logo ciudadano al cual asisti\u00f3 el Delegado Presidencial Provincial de Tierra del Fuego, Jos\u00e9 Miguel Campos, y los vecinos y vecinas, encuentro organizado para dar a conocer el proyecto de ley que crear\u00e1 el Sistema Nacional de Apoyos y Cuidados, Chile Cuida, as\u00ed como otras medidas que est\u00e1 abordando el ramo en materia de protecci\u00f3n social.<\/p>\n\n\n\n<p><a>El Seremi Mimica agradeci\u00f3 la participaci\u00f3n del Delegado de Tierra del Fuego, as\u00ed como a la Junta de Vecinos Lomas de Baquedano, destacando que \u201cpese a que este sistema a\u00fan es un proyecto de ley, hace un a\u00f1o el Presidente Gabriel Boric decidi\u00f3 implementarlo en todo el pa\u00eds, porque sabemos que existe una crisis en materia de cuidados, generada por el envejecimiento poblacional y la disminuci\u00f3n de la natalidad. El Sistema Chile Cuida busca reconocer el cuidado como un trabajo y un derecho, estableciendo tambi\u00e9n una institucionalidad que permitir\u00e1 asegurarlo de manera universal y progresiva, con el involucramiento de todos los actores sociales: el Estado, el sector privado, las comunidades y las familias\u201d.<\/a><\/p>\n\n\n\n<p>La iniciativa, que ingres\u00f3 a tramitaci\u00f3n en junio de 2024, fue despachada por la Comisi\u00f3n de Desarrollo Social de la C\u00e1mara de Diputadas y Diputados, y actualmente se encuentra en la Comisi\u00f3n de Hacienda de la misma C\u00e1mara para ser analizada.<\/p>\n\n\n\n<p>A&nbsp;su vez, el Delegado Jos\u00e9 Miguel Campos, manifest\u00f3 que \u201cen Porvenir contamos con el Programa Red Local de Apoyos y Cuidados, perteneciente al Ministerio de Desarrollo Social y Familia y que integra este gran sistema de bienestar universal que como Gobierno queremos instaurar. Mientras que desde la Delegaci\u00f3n hemos establecido un protocolo de distribuci\u00f3n para entregar los pasajes del subsidio mar\u00edtimo beneficiando a los grupos socioecon\u00f3micos que m\u00e1s lo necesitan, entre ellos a las personas cuidadoras. Esto, de acuerdo al mandato de nuestro Gobierno, que es asegurar la distribuci\u00f3n de acuerdo al nivel de necesidad de las personas\u201d.<\/p>\n\n\n\n<p>Una de las vecinas que asisti\u00f3 a la actividad, fue Silvia Leal, presidenta de la Agrupaci\u00f3n Amigas de Hospital de Porvenir. Coment\u00f3 que \u201ccomo presidenta de esta agrupaci\u00f3n puedo decir que la labor que cumplimos es formidable porque cuidamos a personas, especialmente a adultos mayores, y es lo que nos gusta hacer y lo hacemos con amor. Y desde lo personal, soy ayudante de cuidadora porque somos tres hermanas que nos dedicamos al cuidado nuestra mam\u00e1. Creo que en Porvenir hay mucha gente alejada de las organizaciones, y por eso estos di\u00e1logos deben ser capaces de reunir a las personas\u201d.<\/p>\n\n\n\n<p>En esta jornada, el Seremi Mimica entreg\u00f3 a los asistentes ejemplares de la nueva edici\u00f3n de la \u201cGu\u00eda de Beneficios, Derechos y Garant\u00edas Sociales 2025\u201d, una gu\u00eda de bolsillo elaborada por el Ministerio de Desarrollo Social y Familia, y que tiene como objetivo acercar y mejorar la experiencia de las personas con el Estado.<\/p>\n\n\n\n<p>La gu\u00eda de bolsillo se puede retirar en dependencias de la secretar\u00eda regional ministerial de Desarrollo Social y Familia, ubicada en Presidente Julio Roca 817, piso 8, Punta Arenas, mientras que la versi\u00f3n digital se encuentra disponible en el sitio web de la Red de Protecci\u00f3n Social (<a href=\"http:\/\/www.reddeproteccion.cl\/\" target=\"_blank\" rel=\"noreferrer noopener\">www.reddeproteccion.cl<\/a>).<\/p>\n","protected":false},"excerpt":{"rendered":"<p>En el marco de su primera visita anual a la provincia de Tierra del Fuego, el Secretario Regional Ministerial de Desarrollo Social y Familia, Danilo Mimica, lleg\u00f3 hasta la comuna&#8230; <a class=\"read-more\" href=\"https:\/\/www.radiopresidenteibanez.cl\/web\/gobierno-lidero-dialogo-ciudadano-en-porvenir-sobre-el-sistema-chile-cuida\/\">Leer m\u00e1s<\/a><\/p>\n","protected":false},"author":2,"featured_media":54102,"comment_status":"closed","ping_status":"closed","sticky":false,"template":"","format":"standard","meta":{"footnotes":""},"categories":[1],"tags":[],"class_list":["post-54101","post","type-post","status-publish","format-standard","has-post-thumbnail","hentry","category-cronica"],"_links":{"self":[{"href":"https:\/\/www.radiopresidenteibanez.cl\/web\/wp-json\/wp\/v2\/posts\/54101","targetHints":{"allow":["GET"]}}],"collection":[{"href":"https:\/\/www.radiopresidenteibanez.cl\/web\/wp-json\/wp\/v2\/posts"}],"about":[{"href":"https:\/\/www.radiopresidenteibanez.cl\/web\/wp-json\/wp\/v2\/types\/post"}],"author":[{"embeddable":true,"href":"https:\/\/www.radiopresidenteibanez.cl\/web\/wp-json\/wp\/v2\/users\/2"}],"replies":[{"embeddable":true,"href":"https:\/\/www.radiopresidenteibanez.cl\/web\/wp-json\/wp\/v2\/comments?post=54101"}],"version-history":[{"count":0,"href":"https:\/\/www.radiopresidenteibanez.cl\/web\/wp-json\/wp\/v2\/posts\/54101\/revisions"}],"wp:featuredmedia":[{"embeddable":true,"href":"https:\/\/www.radiopresidenteibanez.cl\/web\/wp-json\/wp\/v2\/media\/54102"}],"wp:attachment":[{"href":"https:\/\/www.radiopresidenteibanez.cl\/web\/wp-json\/wp\/v2\/media?parent=54101"}],"wp:term":[{"taxonomy":"category","embeddable":true,"href":"https:\/\/www.radiopresidenteibanez.cl\/web\/wp-json\/wp\/v2\/categories?post=54101"},{"taxonomy":"post_tag","embeddable":true,"href":"https:\/\/www.radiopresidenteibanez.cl\/web\/wp-json\/wp\/v2\/tags?post=54101"}],"curies":[{"name":"wp","href":"https:\/\/api.w.org\/{rel}","templated":true}]}}