{"id":5410,"date":"2019-06-28T15:48:46","date_gmt":"2019-06-28T15:48:46","guid":{"rendered":"http:\/\/www.radiopresidenteibanez.cl\/web\/?p=5410"},"modified":"2019-06-28T15:49:19","modified_gmt":"2019-06-28T15:49:19","slug":"camara-chilena-de-la-construccion-realizo-exitoso-seminario-sobre-bienestar-territorial-y-deficit-habitacional-en-magallanes","status":"publish","type":"post","link":"https:\/\/www.radiopresidenteibanez.cl\/web\/camara-chilena-de-la-construccion-realizo-exitoso-seminario-sobre-bienestar-territorial-y-deficit-habitacional-en-magallanes\/","title":{"rendered":"C\u00c1MARA CHILENA DE LA CONSTRUCCI\u00d3N REALIZ\u00d3 EXITOSO SEMINARIO SOBRE BIENESTAR TERRITORIAL Y D\u00c9FICIT HABITACIONAL EN MAGALLANES"},"content":{"rendered":"\n<p>La tercera edici\u00f3n de la&nbsp;Semana&nbsp;de la&nbsp;Construcci\u00f3n&nbsp;de Punta Arenas 2019, organizada por la CChC Punta Arenas, arranc\u00f3 con el seminario \u201cPunta Arenas 2019: Impulsando el bienestar urbano\u201d, evento al que asistieron m\u00e1s de cien personas, incluyendo autoridades regionales como el intendente Jos\u00e9 Fern\u00e1ndez, el gobernador Homero Villegas, el alcalde Claudio Radonich, el seremi de Vivienda y Urbanismo, Jos\u00e9 Miguel Horcos, y el seremi de Transporte y Telecomunicaciones, Marco Mella.<\/p>\n\n\n\n<p>El presidente nacional de la C\u00e1mara Chilena de la&nbsp;Construcci\u00f3n, Patricio Donoso, plante\u00f3 a los asistentes una interesante reflexi\u00f3n sobre el desarrollo urbano sostenible, destacando interesantes datos sobre la ciudad. Donoso recalc\u00f3 que en los \u00faltimos 50 a\u00f1os Punta Arenas ha duplicado su tama\u00f1o, la poblaci\u00f3n urbana ha pasado a ser un 95%, el radio urbano creci\u00f3 de manera significativa hacia el norte de la ciudad, en la actualidad tiene casi un 40% de sus veredas en condiciones que deben ser reparadas y el 74% de sus manzanas no contemplan los debidos basureros para la gesti\u00f3n de sus residuos.<\/p>\n\n\n\n<p>\u201cEs evidente que a\u00fan hay grandes oportunidades para mejorar las condiciones habitacionales, de barrios y de infraestructura que la ciudad ofrece a sus habitantes. Todas estas cifras y datos que hemos revisado no hacen m\u00e1s que plantearnos un interesante desaf\u00edo respecto a c\u00f3mo gestionaremos a partir de hoy, el crecimiento urbano de manera que sea sostenible. Sin duda los procesos de planificaci\u00f3n tienen sus dificultades, pero es necesario que todos los sectores, p\u00fablico privado y la sociedad civil realicen procesos colaborativos, ya que de ello se desprenden m\u00faltiples beneficios, otorgan viabilidad a los proyectos, favorecen el desarrollo sostenible de un territorio y, por sobre todo, contribuyen al mejoramiento de la calidad de vida de las personas\u201d, se\u00f1al\u00f3 Donoso en la apertura de \u201cConstruye Patagonia 2019\u201d.&nbsp;<\/p>\n\n\n\n<p>Luego, Juan Manuel S\u00e1nchez y Marcela Ruiz Tagle, directivos de Corporaci\u00f3n Ciudades, explicaron en detalle el Atlas de Bienestar Territorial, estudio que sit\u00faa a Punta Arenas bajo el promedio nacional en el \u00cdndice de Bienestar Territorial, con un puntaje de 0,49. Adem\u00e1s, dieron a conocer resultados de una encuesta realizada v\u00eda online a 280 puntarenenses, y uno de los datos destacados es que el 62% de los habitantes de Punta Arenas considera que no se est\u00e1 planificando la ciudad.<\/p>\n\n\n\n<p>\u201cPara nosotros, este evento ha sido una tremenda oportunidad para incentivar la necesidad que tiene Punta Arenas de pensar en el futuro. Presentamos el Atlas de Bienestar Territorial y la percepci\u00f3n de la ciudadan\u00eda, del entorno urbano, que es tanto o m\u00e1s relevante que los datos estad\u00edsticos. Mostramos resultados de una consulta online, donde se refleja el orgullo que sienten los puntarenenses por su ciudad, pero que tambi\u00e9n detectan problemas que si no solucionamos a tiempo van a significar un deterioro muy grande en la ciudad\u201d, coment\u00f3 Juan Manuel S\u00e1nchez.<\/p>\n\n\n\n<p>La segunda charla del Seminario fue dictada por Francisco Vald\u00e9s, economista de la Gerencia de Estudios CChC. Con la exposici\u00f3n del&nbsp;\u201cBalance de Vivienda y Entorno Urbano 2019: Una mirada a la realidad de la XII regi\u00f3n\u201d, Vald\u00e9s explic\u00f3 en detalle el informe que la C\u00e1mara Chilena de la&nbsp;Construcci\u00f3n&nbsp;desarroll\u00f3 sobre el d\u00e9ficit habitacional en el pa\u00eds, utilizando como base varios datos estad\u00edsticos oficiales, como la Casen 2017.<\/p>\n\n\n\n<p>Una de las cifras que gener\u00f3 m\u00e1s impacto fue que Magallanes tiene un D\u00e9ficit Habitacional de 3.601, lo que representa un aumento de un 66% respecto a los resultados del mismo estudio realizado en 2015. El estudio incluye en su an\u00e1lisis informaci\u00f3n disponible de tres comunas de Magallanes: Punta Arenas, Puerto Natales y Porvenir.<\/p>\n\n\n\n<p>\u201cEl d\u00e9ficit habitacional en Magallanes corresponde en su mayor\u00eda a familias que, si bien tienen una vivienda, el nivel de deterioro es tan alto que es necesario reemplazar estos inmuebles. Por otro lado, un 47% corresponde a familias allegadas, y lo que llama la atenci\u00f3n es el crecimiento de esta estructura, que entre 2015 y 2017 aument\u00f3 en un 92%. Este salto tan explosivo se debe a diferentes causas: el aumento del precio del suelo en Magallanes, lo que dificulta el acceso a la vivienda para los sectores medios, por lo que les queda la opci\u00f3n de arrendar o vivir de allegado; y tambi\u00e9n el fen\u00f3meno migratorio que creci\u00f3 alrededor de un 280% en la regi\u00f3n entre 2015 y 2017\u201d, detall\u00f3 Vald\u00e9s.<\/p>\n\n\n\n<p>Finalmente, el presidente de la C\u00e1mara Chilena de la Construcci\u00f3n de Punta Arenas, Jos\u00e9 Alvarado Mansilla, se mostr\u00f3 muy contento por la alta asistencia del p\u00fablico al evento. \u201cUno de los objetivos como gremio es contribuir al an\u00e1lisis de tem\u00e1ticas tan relevantes como la calidad de vida, el bienestar territorial y el d\u00e9ficit habitacional en nuestra regi\u00f3n. Para este seminario quisimos traer a expositores de primer nivel para fomentar la discusi\u00f3n entorno a estas problem\u00e1ticas tan transcendentales para los magall\u00e1nicos\u201d, concluy\u00f3 Alvarado.<\/p>\n\n\n\n<figure class=\"wp-block-image\"><img loading=\"lazy\" decoding=\"async\" width=\"900\" height=\"598\" src=\"https:\/\/www.radiopresidenteibanez.cl\/web\/wp-content\/uploads\/2019\/06\/Seminario-de-Construye-Patagonia-26-05-2019-17.jpg\" alt=\"\" class=\"wp-image-5411\" srcset=\"https:\/\/www.radiopresidenteibanez.cl\/web\/wp-content\/uploads\/2019\/06\/Seminario-de-Construye-Patagonia-26-05-2019-17.jpg 900w, https:\/\/www.radiopresidenteibanez.cl\/web\/wp-content\/uploads\/2019\/06\/Seminario-de-Construye-Patagonia-26-05-2019-17-300x199.jpg 300w, https:\/\/www.radiopresidenteibanez.cl\/web\/wp-content\/uploads\/2019\/06\/Seminario-de-Construye-Patagonia-26-05-2019-17-768x510.jpg 768w\" sizes=\"auto, (max-width: 900px) 100vw, 900px\" \/><\/figure>\n","protected":false},"excerpt":{"rendered":"<p>La tercera edici\u00f3n de la&nbsp;Semana&nbsp;de la&nbsp;Construcci\u00f3n&nbsp;de Punta Arenas 2019, organizada por la CChC Punta Arenas, arranc\u00f3 con el seminario \u201cPunta Arenas 2019: Impulsando el bienestar urbano\u201d, evento al que asistieron&#8230; <a class=\"read-more\" href=\"https:\/\/www.radiopresidenteibanez.cl\/web\/camara-chilena-de-la-construccion-realizo-exitoso-seminario-sobre-bienestar-territorial-y-deficit-habitacional-en-magallanes\/\">Leer m\u00e1s<\/a><\/p>\n","protected":false},"author":2,"featured_media":5411,"comment_status":"closed","ping_status":"closed","sticky":false,"template":"","format":"standard","meta":{"footnotes":""},"categories":[1],"tags":[],"class_list":["post-5410","post","type-post","status-publish","format-standard","has-post-thumbnail","hentry","category-cronica"],"_links":{"self":[{"href":"https:\/\/www.radiopresidenteibanez.cl\/web\/wp-json\/wp\/v2\/posts\/5410","targetHints":{"allow":["GET"]}}],"collection":[{"href":"https:\/\/www.radiopresidenteibanez.cl\/web\/wp-json\/wp\/v2\/posts"}],"about":[{"href":"https:\/\/www.radiopresidenteibanez.cl\/web\/wp-json\/wp\/v2\/types\/post"}],"author":[{"embeddable":true,"href":"https:\/\/www.radiopresidenteibanez.cl\/web\/wp-json\/wp\/v2\/users\/2"}],"replies":[{"embeddable":true,"href":"https:\/\/www.radiopresidenteibanez.cl\/web\/wp-json\/wp\/v2\/comments?post=5410"}],"version-history":[{"count":0,"href":"https:\/\/www.radiopresidenteibanez.cl\/web\/wp-json\/wp\/v2\/posts\/5410\/revisions"}],"wp:featuredmedia":[{"embeddable":true,"href":"https:\/\/www.radiopresidenteibanez.cl\/web\/wp-json\/wp\/v2\/media\/5411"}],"wp:attachment":[{"href":"https:\/\/www.radiopresidenteibanez.cl\/web\/wp-json\/wp\/v2\/media?parent=5410"}],"wp:term":[{"taxonomy":"category","embeddable":true,"href":"https:\/\/www.radiopresidenteibanez.cl\/web\/wp-json\/wp\/v2\/categories?post=5410"},{"taxonomy":"post_tag","embeddable":true,"href":"https:\/\/www.radiopresidenteibanez.cl\/web\/wp-json\/wp\/v2\/tags?post=5410"}],"curies":[{"name":"wp","href":"https:\/\/api.w.org\/{rel}","templated":true}]}}