{"id":54095,"date":"2025-02-03T15:57:00","date_gmt":"2025-02-03T18:57:00","guid":{"rendered":"https:\/\/www.radiopresidenteibanez.cl\/web\/?p=54095"},"modified":"2025-02-03T10:30:36","modified_gmt":"2025-02-03T13:30:36","slug":"consejo-local-de-gestion-definio-reglamento-interno-para-el-area-marina-costera-protegida-de-multiples-usos-francisco-coloane","status":"publish","type":"post","link":"https:\/\/www.radiopresidenteibanez.cl\/web\/consejo-local-de-gestion-definio-reglamento-interno-para-el-area-marina-costera-protegida-de-multiples-usos-francisco-coloane\/","title":{"rendered":"Consejo Local de Gesti\u00f3n defini\u00f3 reglamento interno para el \u00c1rea Marina Costera Protegida de M\u00faltiples Usos Francisco Coloane"},"content":{"rendered":"\n<figure class=\"wp-block-image\"><img decoding=\"async\" src=\"https:\/\/mail.google.com\/mail\/u\/0?ui=2&amp;ik=f18d8793d3&amp;attid=0.0.1&amp;permmsgid=msg-f:1822794229045067800&amp;th=194bddb198dd0018&amp;view=fimg&amp;fur=ip&amp;permmsgid=msg-f:1822794229045067800&amp;sz=s0-l75-ft&amp;attbid=ANGjdJ-ibsLDi9fdKDz7YHWUrSOpIofMSxTWko2dqHchTIfWkAsajtSZd04PFU8f9n8ovkPtXYFT_kgDr5vkWMCMkibsPAKb6Y4kBK5tLOssQWEFgghReoqIyTevyoc&amp;disp=emb&amp;zw\" alt=\"\"\/><\/figure>\n\n\n\n<p><strong><u>COMUNICADO DE PRENSA<\/u><\/strong><\/p>\n\n\n\n<p><strong>Consejo Local de Gesti\u00f3n defini\u00f3 reglamento interno para el \u00c1rea Marina Costera Protegida de M\u00faltiples Usos Francisco Coloane<\/strong><\/p>\n\n\n\n<p><em>\u201cLa aprobaci\u00f3n de este reglamento interno representa un paso significativo hacia una gesti\u00f3n m\u00e1s integral, estructurada y participativa del AMCP-MU Francisco Coloane, fortaleciendo el compromiso de todas las partes involucradas en la conservaci\u00f3n y uso sostenible de este valioso espacio marino\u201d.<\/em><\/p>\n\n\n\n<p>Punta Arenas, 31 de enero de 2025.<\/p>\n\n\n\n<p>En su \u00faltima sesi\u00f3n, el Consejo Local de Gesti\u00f3n (CLG) del \u00c1rea Marina Costera Protegida de M\u00faltiples Usos (AMCP-MU) Francisco Coloane, gestionada y administrada por el Ministerio del Medio Ambiente a trav\u00e9s de la Secretar\u00eda Regional Ministerial de la Regi\u00f3n de Magallanes y de la Ant\u00e1rtica Chilena, se aprob\u00f3 su reglamento interno para la toma de decisiones.<\/p>\n\n\n\n<p>Este consejo est\u00e1 compuesto por instituciones estatales y usuarios del \u00e1rea, incluyendo al Gobierno Regional de Magallanes y de la Ant\u00e1rtica Chilena, Municipalidad de Punta Arenas, Secretar\u00eda Regional Ministerial de Bienes Nacionales, Servicio Nacional de Pesca y Acuicultura, Corporaci\u00f3n Nacional Forestal, Gobernaci\u00f3n Mar\u00edtima de Punta Arenas, Direcci\u00f3n Zonal de Pesca de Magallanes y el Servicio Nacional de Turismo.<\/p>\n\n\n\n<p>Adem\u00e1s, participan representantes del Pueblo Kaw\u00e9sqar, organizaciones de pesca artesanal, gremios o empresas del sector tur\u00edstico y centros de investigaci\u00f3n y ONG con presencia Regional.<\/p>\n\n\n\n<p><strong>Francisco Bra\u00f1as, profesional de la SEREMI de Medio Ambiente, y encargado de \u00c1reas Protegidas<\/strong>, quien representa a la autoridad regional en esta instancia, valor\u00f3 esta aprobaci\u00f3n. \u201cLa aprobaci\u00f3n de este reglamento interno representa un paso significativo hacia una gesti\u00f3n m\u00e1s integral, estructurada y participativa del AMCP-MU Francisco Coloane, fortaleciendo el compromiso de todas las partes involucradas en la conservaci\u00f3n y uso sostenible de este valioso espacio marino. Este avance reconoce a los usuarios locales como agentes relevantes en el manejo y la conservaci\u00f3n de los ecosistemas marino-costeros, subrayando la importancia de su colaboraci\u00f3n en la protecci\u00f3n de estos ecosistemas\u00bb.<\/p>\n\n\n\n<p>La misi\u00f3n del Consejo Local de Gesti\u00f3n es establecer un modelo de gobernanza local y colaborativa para la gesti\u00f3n del AMCP-MU Francisco Coloane, promoviendo la participaci\u00f3n activa de entidades p\u00fablicas y usuarios del \u00e1rea, con el objetivo de implementar medidas efectivas que protejan y preserven los ecosistemas fr\u00e1giles de valor natural y culturales presentes en el \u00e1rea protegida.<\/p>\n\n\n\n<p><strong>AMCP-MU Francisco Coloane<\/strong><\/p>\n\n\n\n<p>Est\u00e1 ubicada en la comuna de Punta Arenas, provincia de Magallanes. Es el \u00fanico sitio de alimentaci\u00f3n de la ballena jorobada (Megaptera novaeangliae) fuera de las aguas ant\u00e1rticas. Tanto su h\u00e1bitat marino como terrestre destaca por sus atributos paisaj\u00edsticos y culturales, que, junto con la existencia de m\u00faltiples ecosistemas, una gran variedad biol\u00f3gica, la localizaci\u00f3n de sitios de reproducci\u00f3n y de alimentaci\u00f3n de vertebrados acu\u00e1ticos, le otorgan un alto valor cient\u00edfico y tur\u00edstico.<\/p>\n\n\n\n<p>Su importancia radica en tener una colonia reproductiva de ping\u00fcinos de Magallanes (Spheniscus magellanicus), siendo el islote Rupert un sector que puede constituirse como una futura Reserva Gen\u00e9tica para las poblaciones residentes de esta especie en la zona austral de Chile y, a su vez, ser utilizada como sitio de monitoreo de cambios poblacionales de las mismas.<\/p>\n","protected":false},"excerpt":{"rendered":"<p>COMUNICADO DE PRENSA Consejo Local de Gesti\u00f3n defini\u00f3 reglamento interno para el \u00c1rea Marina Costera Protegida de M\u00faltiples Usos Francisco Coloane \u201cLa aprobaci\u00f3n de este reglamento interno representa un paso&#8230; <a class=\"read-more\" href=\"https:\/\/www.radiopresidenteibanez.cl\/web\/consejo-local-de-gestion-definio-reglamento-interno-para-el-area-marina-costera-protegida-de-multiples-usos-francisco-coloane\/\">Leer m\u00e1s<\/a><\/p>\n","protected":false},"author":2,"featured_media":54096,"comment_status":"closed","ping_status":"closed","sticky":false,"template":"","format":"standard","meta":{"footnotes":""},"categories":[1],"tags":[],"class_list":["post-54095","post","type-post","status-publish","format-standard","has-post-thumbnail","hentry","category-cronica"],"_links":{"self":[{"href":"https:\/\/www.radiopresidenteibanez.cl\/web\/wp-json\/wp\/v2\/posts\/54095","targetHints":{"allow":["GET"]}}],"collection":[{"href":"https:\/\/www.radiopresidenteibanez.cl\/web\/wp-json\/wp\/v2\/posts"}],"about":[{"href":"https:\/\/www.radiopresidenteibanez.cl\/web\/wp-json\/wp\/v2\/types\/post"}],"author":[{"embeddable":true,"href":"https:\/\/www.radiopresidenteibanez.cl\/web\/wp-json\/wp\/v2\/users\/2"}],"replies":[{"embeddable":true,"href":"https:\/\/www.radiopresidenteibanez.cl\/web\/wp-json\/wp\/v2\/comments?post=54095"}],"version-history":[{"count":0,"href":"https:\/\/www.radiopresidenteibanez.cl\/web\/wp-json\/wp\/v2\/posts\/54095\/revisions"}],"wp:featuredmedia":[{"embeddable":true,"href":"https:\/\/www.radiopresidenteibanez.cl\/web\/wp-json\/wp\/v2\/media\/54096"}],"wp:attachment":[{"href":"https:\/\/www.radiopresidenteibanez.cl\/web\/wp-json\/wp\/v2\/media?parent=54095"}],"wp:term":[{"taxonomy":"category","embeddable":true,"href":"https:\/\/www.radiopresidenteibanez.cl\/web\/wp-json\/wp\/v2\/categories?post=54095"},{"taxonomy":"post_tag","embeddable":true,"href":"https:\/\/www.radiopresidenteibanez.cl\/web\/wp-json\/wp\/v2\/tags?post=54095"}],"curies":[{"name":"wp","href":"https:\/\/api.w.org\/{rel}","templated":true}]}}