{"id":54077,"date":"2025-02-03T09:47:37","date_gmt":"2025-02-03T12:47:37","guid":{"rendered":"https:\/\/www.radiopresidenteibanez.cl\/web\/?p=54077"},"modified":"2025-02-03T09:47:47","modified_gmt":"2025-02-03T12:47:47","slug":"no-mercy","status":"publish","type":"post","link":"https:\/\/www.radiopresidenteibanez.cl\/web\/no-mercy\/","title":{"rendered":"NO MERCY"},"content":{"rendered":"\n<p>Sin piedad. Es la respuesta impl\u00edcita al clamor por misericordia, por piedad, formulado por la Obispa Bude, a inicios de la semana pasada. As\u00ed comienza el nuevo ciclo de Donald Trump a la cabeza de una de las naciones m\u00e1s poderosas del planeta. No s\u00f3lo no revis\u00f3 la orden ejecutiva que dispone la expulsi\u00f3n inmediata de inmigrantes en condici\u00f3n irregular, sino que se ha implementado ya la expulsi\u00f3n de varios miles de migrantes a M\u00e9xico, Colombia y Brasil. D\u00edas despu\u00e9s, y llevado al cl\u00edmax de su paroxismo xen\u00f3fobo, Trump anunci\u00f3 que abrir\u00eda 30 mil plazas, en la base militar de Guant\u00e1namo, en Cuba. Un lugar mundialmente conocido, por el gris estatus legal, que ha permitido en el pasado el uso como centro de torturas, y prisi\u00f3n pol\u00edtica. Sin piedad, parece repetir en las horas de la madrugada, mientras pasea iracundo en pantuflas por la<br>Casa Blanca. Ahora es el turno de la econom\u00eda. En un giro que ha dejado totalmente fuera de lugar, a sus fervientes partidarios tanto en el continente americano como en Europa, ha anunciado la fijaci\u00f3n de aranceles de un 25% a los productos importados a los Estados Unidos, desde M\u00e9xico y Canad\u00e1, con efecto en estos d\u00edas. A estos pa\u00edses se sumar\u00eda Colombia y Brasil. En tanto advirti\u00f3 que no se permitir\u00eda el ingreso del petr\u00f3leo venezolano, marcando lo que muchos pensaron ser\u00eda un endurecimiento hacia el r\u00e9gimen chavista.<br>Sin embargo, dentro de la misma semana, se produjo la visita a Venezuela de su enviado especial, Richard Grenell, el cual en cuesti\u00f3n de horas consigui\u00f3 la liberaci\u00f3n de ciudadanos estadounidenses prisioneros en Caracas. Ante la mirada incr\u00e9dula de la prensa mundial, todos pudimos ver ins\u00f3litas im\u00e1genes, del tirano Maduro muy sonriente junto al representante de Washington. El propio Trump se refiri\u00f3 al encuentro como \u201cmuy positivo\u201d, marcando el inicio de una nueva era en las relaciones. No se dijo all\u00ed, sino que se conoci\u00f3 este fin de semana, que la Oficina de Control de Activos Extranjeros (Ofac), del Departamento del Tesoro de<br>Estados Unidos, ha renovado la Licencia General n\u00famero 41, asegurando la continuidad de las operaciones petroleras de la mega petrolera norteamericana Chevron en Venezuela, responsable de aproximadamente el 25 % de la producci\u00f3n petrolera de Venezuela. Ese ser\u00eda en la pr\u00e1ctica el trato hacia la dictadura venezolana, lo que le da carta blanca para seguir sojuzgando a su pueblo.<br>En tanto, M\u00e9xico y Canad\u00e1, objeto de la agresi\u00f3n m\u00e1s grande en toda la historia de las relaciones<br>comerciales continentales, han anunciado la fijaci\u00f3n de aranceles similares a los productos estadounidenses.<br>Se ha difundido ampliamente el encendido discurso de Justin Trudeau, primer ministro de Canad\u00e1 quien hizo un ferviente llamado a la unidad de todas las fuerzas de la sociedad civil, las empresas, los sindicatos, las fuerzas pol\u00edticas y los ciudadanos para resistir este grave atentado al libre mercado. En el caso de Canad\u00e1, se agrava con la infamante pretensi\u00f3n de Trump, de convertir al pa\u00eds del norte en el estado N\u00b0 51. La presidenta de M\u00e9xico, Claudia Sheinbaum, no se ha quedado atr\u00e1s, y ha llamado a la unidad en contra de los aranceles, anunciando la aplicaci\u00f3n de contramedidas, de similar naturaleza. En las principales ciudades de Estados Unidos se pudo apreciar este fin de semana, marchas de los \u201cnativos americanos\u201d. Personas provenientes de<br>distintos pa\u00edses del continente, con sus trajes t\u00edpicos, y miembros de los pueblos originarios de Norteam\u00e9rica, con sus atuendos tradicionales, se manifestaban en contra de la persecuci\u00f3n a los migrantes.<br>El presidente Petro en Colombia, el presidente Lula de Brasil, han expresado que defender\u00e1n con<br>fuerza los intereses de sus respectivos pueblos. En el \u00ednterin, Trump tambi\u00e9n anunci\u00f3 aranceles a los productos provenientes de la comunidad europea, sus aliados europeos tambi\u00e9n anuncian contra medidas a productos del pa\u00eds de Disney.<br>El anuncio de aranceles contra productos chinos, produjo otra paradoja, las autoridades chinas,<br>anunciaron que llevar\u00edan el caso ante la OMC. Siendo un declarado r\u00e9gimen socialista \u201ccon caracter\u00edsticas chinas\u201d, hoy opera con las reglas del libre mercado, siendo el principal socio comercial, de gran parte de los pa\u00edses del mundo. China tiene la capacidad para producir la ca\u00edda del capitalismo mundial, es el mayor acreedor del gobierno de los Estados Unidos, ya que posee, billones de d\u00f3lares en bonos del tesoro. Sin embargo, defiende la econom\u00eda de mercado, contra la amenaza proteccionista, del autodefinido l\u00edder del mundo libre.<br>Ser\u00eda extenso de rese\u00f1ar aqu\u00ed lo que dice la doctrina econ\u00f3mica sobre los aranceles, en s\u00edntesis, en la econom\u00eda global donde rige el libre mercado, el establecimiento de aranceles, est\u00e1 m\u00e1s ligado a medidas para corregir, deficiencias del mercado, por pr\u00e1cticas anti competitivas. En el pasado reciente, en Chile el gobierno dispuso la aplicaci\u00f3n de tasas arancelarias a distintos productos de acero chinos, por el alegato de la extinta empresa CAP, que denunciaba la existencia de dumping, vale decir de apoyos o subsidios del r\u00e9gimen chino a las empresas de acero chinas. Esa es una circunstancia muy distinta a la que comentamos hoy con los aranceles, dispuestos unilateralmente por Donald Trump. No pretenden corregir una deficiencia de mercado, sino pretenden imponer un privilegio, una condici\u00f3n supuestamente favorable para las productoras locales.<br>Decimos que s\u00f3lo es un supuesto beneficio, porque est\u00e1 comprobado que el establecimiento de aranceles generales, con esta amplitud, s\u00f3lo produce una escalada alcista de precios. La aplicaci\u00f3n de contra medidas, con aranceles similares, producir\u00e1 alza de precios tanto en el pa\u00eds importador como en el exportador, y derivado de ellos la subsecuente y creciente inflaci\u00f3n. Los consumidores deber\u00e1n soportar con su salario actual, productos m\u00e1s caros, lo que redundar\u00e1 en ca\u00eddas de consumo, que terminar\u00e1 produciendo una reducci\u00f3n del ya menguado crecimiento econ\u00f3mico mundial.<br>Nuestro pa\u00eds, con una econom\u00eda, para cuyo crecimiento y desarrollo, decidi\u00f3 a partir de 1990, la<br>apertura total al comercio mundial, depende del libre mercado para producir la riqueza y el bienestar de su pueblo. Estamos totalmente expuestos a las convulsiones producidas por las medidas de choque impuestas por Trump. Tan cerca como a mediados de febrero podr\u00eda aplicarse aranceles a la importaci\u00f3n de Cobre en los Estados Unidos. Esta medida va afectar directamente uno de los mercados en los cuales Chile, vende su commodity principal. Seg\u00fan cifras del Banco Central durante el tercer trimestre de 2024, los principales pa\u00edses compradores de Cobre chileno fueron China (51,3 %), seguido por Estados Unidos (11,3 %), y Jap\u00f3n (11,1 %). Autoridades econ\u00f3micas y diplom\u00e1ticas de nuestro pa\u00eds, advierten que Estados Unidos no puede<br>prescindir del Cobre que compra a Chile, que no tendr\u00eda la producci\u00f3n interna suficiente para sustituirlo. Sin embargo, resulta innegable que el bombardeo de aranceles que van a ir estallando, en el mercado del mundo entero, afectar\u00e1 los precios de los bienes y servicios que consumimos en el mercado interno.<br>Chile suscribi\u00f3 en 2003 un Tratado de Libre comercio (TLC) con los Estados Unidos, gracias a este el 100% de los productos que se transan entre nuestros pa\u00edses, lo hacen con arancel cero. Tras m\u00e1s de dos d\u00e9cadas de aplicaci\u00f3n y respeto irrestricto del tratado, nos enfrentamos a una amenaza que constituir\u00eda una violaci\u00f3n grave de este tratado, adem\u00e1s de una violaci\u00f3n de las normas que rigen el comercio mundial. Ante ese escenario, Chile deber\u00e1 unirse al resto de los pa\u00edses afectados tanto en la aplicaci\u00f3n de contra medidas, como en la reclamaci\u00f3n ante la OMC. Nos enfrentamos a un poder omn\u00edmodo, el gran capital trasnacional, el complejo militar industrial, y una nueva ideolog\u00eda supremacista, que medra con el discurso de odio.<br>El planeta ya ha vivido estos dolores. Sabemos c\u00f3mo inicia, pero tambi\u00e9n como termina. Un 2 de<br>febrero de 1942 el Ej\u00e9rcito Rojo, en la Gran Guerra Patria, derrot\u00f3 y aniquil\u00f3 al 70% del ej\u00e9rcito nazi en la batalla de Stalingrado, es el inicio de la derrota definitiva de la Alemania nazi. Somos tributarios de esa lucha, con esa sangre se pag\u00f3 el precio por la libertad de todo el mundo. Tambi\u00e9n en Chile tuvimos nuestra propia lucha por la liberaci\u00f3n, y tras d\u00e9cadas de arduos combates, se lleg\u00f3 un 2 de febrero de 1988, a constituir el pacto que resolver\u00eda la v\u00eda electoral para derrotar la dictadura civil-militar, ese d\u00eda se constituy\u00f3 la Concertaci\u00f3n de Partidos por la Democracia. De ella, y de los que cayeron en los a\u00f1os precedentes, somos tributarios por la libertad que hoy gozamos.<br>Este a\u00f1o es un a\u00f1o de decisiones en Chile. Recordar amigos y amigas, a quienes con euforia insana<br>aplaud\u00edan hasta la semana pasada, los arranques facciosos e imperialistas de Donald Trump y su sequito de multimillonarios. S\u00ed amigos, tambi\u00e9n en Chile, se encuentra latente el germen del autoritarismo que conocimos en carne propia. Bajo los brillantes colores, la m\u00fasica estridente, y la promesa de un consumo infinito, se solapa el uniforme gris del pensamiento \u00fanico, de la raza y religi\u00f3n correctas, de la supremac\u00eda del dinero, por sobre cualquier otro valor. Como en muchas cosas en la vida, no es inocuo lo que decidamos, y en cada peque\u00f1o gesto individual, en cada paso que demos, por la construcci\u00f3n de un mundo m\u00e1s justo y solidario, estaremos defendiendo ese resto de humanidad, que defendieron con sus vidas los que cayeron luchando por la libertad.<br>Ernesto Sep\u00falveda Tornero<\/p>\n\n\n\n<p><\/p>\n","protected":false},"excerpt":{"rendered":"<p>Sin piedad. Es la respuesta impl\u00edcita al clamor por misericordia, por piedad, formulado por la Obispa Bude, a inicios de la semana pasada. As\u00ed comienza el nuevo ciclo de Donald&#8230; <a class=\"read-more\" href=\"https:\/\/www.radiopresidenteibanez.cl\/web\/no-mercy\/\">Leer m\u00e1s<\/a><\/p>\n","protected":false},"author":2,"featured_media":54078,"comment_status":"closed","ping_status":"closed","sticky":false,"template":"","format":"standard","meta":{"footnotes":""},"categories":[1],"tags":[],"class_list":["post-54077","post","type-post","status-publish","format-standard","has-post-thumbnail","hentry","category-cronica"],"_links":{"self":[{"href":"https:\/\/www.radiopresidenteibanez.cl\/web\/wp-json\/wp\/v2\/posts\/54077","targetHints":{"allow":["GET"]}}],"collection":[{"href":"https:\/\/www.radiopresidenteibanez.cl\/web\/wp-json\/wp\/v2\/posts"}],"about":[{"href":"https:\/\/www.radiopresidenteibanez.cl\/web\/wp-json\/wp\/v2\/types\/post"}],"author":[{"embeddable":true,"href":"https:\/\/www.radiopresidenteibanez.cl\/web\/wp-json\/wp\/v2\/users\/2"}],"replies":[{"embeddable":true,"href":"https:\/\/www.radiopresidenteibanez.cl\/web\/wp-json\/wp\/v2\/comments?post=54077"}],"version-history":[{"count":0,"href":"https:\/\/www.radiopresidenteibanez.cl\/web\/wp-json\/wp\/v2\/posts\/54077\/revisions"}],"wp:featuredmedia":[{"embeddable":true,"href":"https:\/\/www.radiopresidenteibanez.cl\/web\/wp-json\/wp\/v2\/media\/54078"}],"wp:attachment":[{"href":"https:\/\/www.radiopresidenteibanez.cl\/web\/wp-json\/wp\/v2\/media?parent=54077"}],"wp:term":[{"taxonomy":"category","embeddable":true,"href":"https:\/\/www.radiopresidenteibanez.cl\/web\/wp-json\/wp\/v2\/categories?post=54077"},{"taxonomy":"post_tag","embeddable":true,"href":"https:\/\/www.radiopresidenteibanez.cl\/web\/wp-json\/wp\/v2\/tags?post=54077"}],"curies":[{"name":"wp","href":"https:\/\/api.w.org\/{rel}","templated":true}]}}