{"id":54068,"date":"2025-01-31T19:19:00","date_gmt":"2025-01-31T22:19:00","guid":{"rendered":"https:\/\/www.radiopresidenteibanez.cl\/web\/?p=54068"},"modified":"2025-01-31T11:06:57","modified_gmt":"2025-01-31T14:06:57","slug":"fondos-de-cultura-invertira-632-millonesen-49-proyectos-de-la-region-de-magallanes","status":"publish","type":"post","link":"https:\/\/www.radiopresidenteibanez.cl\/web\/fondos-de-cultura-invertira-632-millonesen-49-proyectos-de-la-region-de-magallanes\/","title":{"rendered":"Fondos de Cultura invertir\u00e1 $ 632 millonesen 49 proyectos de la regi\u00f3n de Magallanes"},"content":{"rendered":"\n<p>Cuarenta y nueve proyectos de la regi\u00f3n de Magallanes ser\u00e1n financiados&nbsp;por&nbsp;el<br>Ministerio de las Culturas, las Artes y el Patrimonio, a trav\u00e9s de la convocatoria<br>de Fondos de Cultura 2025.<br>&nbsp;<br>La inversi\u00f3n Estatal para la ejecuci\u00f3n de estas iniciativas art\u00edstico culturales<br>asciende a un monto global de $&nbsp;632.419.792&nbsp;(seiscientos treinta y dos millones<br>cuatrocientos diecinueve mil setecientos noventa y dos pesos).<br>&nbsp;<br>\u201cSe trata de una potente inversi\u00f3n para el sector. Ac\u00e1 est\u00e1 presente el Estado,<br>apoyando e impulsando el desarrollo cultural y art\u00edstico en la regi\u00f3n. Pero<br>tambi\u00e9n es una se\u00f1al hacia la ciudadan\u00eda, porque estos proyectos contribuyen a<br>la circulaci\u00f3n de obras en los territorios y a propiciar el acceso de la comunidad<br>para disfrutar y conocer el trabajo de las y los artistas y creadores locales\u201d,<br>sostuvo la seremi de las Culturas, Carolina Herrera Toro.<br>&nbsp;<br>Diecisiete iniciativas beneficiadas con Fondart Regional, por una cifra total de $<br>273.428.043; once en Fondart Nacional ($ 142.417.563); diez del fondo del Libro<br>y la Lectura ($ 66.368.944); uno en audiovisual ($ 11.146.373); dos en la M\u00fasica<br>($ 16.440.240), y ocho en las disciplinas de las Artes Esc\u00e9nicas ($ 122.618.629).<br>&nbsp;<br>A NIVEL NACIONAL<br>Los Fondos Cultura 2025 a nivel nacional entregar\u00e1n un total de $ 44.077 millones<br>a 2.684 proyectos culturales y art\u00edsticos. Los resultados representan una cifra<br>hist\u00f3rica en financiamiento, con el crecimiento de un 21,2% en los recursos<br>asignados y de un 3,8% de las iniciativas seleccionadas respecto a la convocatoria<\/p>\n\n\n\n<ol start=\"2024\" class=\"wp-block-list\">\n<li>Este aumento se alcanz\u00f3 gracias a la inyecci\u00f3n presupuestaria de este a\u00f1o<br>y a la aprobaci\u00f3n de los consejos sectoriales.<\/li>\n<\/ol>\n\n\n\n<p>Uno de los focos principales de los Fondos Cultura 2025 es la continuaci\u00f3n del<br>trabajo de descentralizaci\u00f3n y de cobertura territorial de los proyectos. En este<br>sentido, las 44 l\u00edneas de la convocatoria adjudicaron $24.408 millones a 1.672<br>propuestas de regiones distintas a la Metropolitana, lo que representa el 55,4%<br>de los recursos y el 62,3% de proyectos seleccionados. Nuevamente, en las 16 las<br>regiones y en las 346 comunas del pa\u00eds se ejecutar\u00e1n iniciativas.<br>Otro eje importante de esta convocatoria es la dinamizaci\u00f3n del sector cultural y<br>art\u00edstico. En esta materia, los resultados muestran que en los equipos de trabajo<br>de los proyectos seleccionados participar\u00e1n m\u00e1s de 9.800 trabajadoras y<br>trabajadores de la cultura, quienes en t\u00e9rminos de contratos y asignaciones<br>recibir\u00e1n cerca de $18.088 millones. Del total de trabajadoras y trabajadores,<br>m\u00e1s de 6 mil son de regiones distintas a la Metropolitana, representando el 61,1%<br>del total.<br>Un tercer foco es la disminuci\u00f3n de las brechas de g\u00e9nero. Los resultados<br>muestran que los equipos de trabajo est\u00e1n integrados por una mayor\u00eda de<br>mujeres, alcanzando el 51,8% del total y adjudic\u00e1ndose el 55,4% de los recursos<br>por concepto de contratos de trabajo. Adem\u00e1s, con relaci\u00f3n al g\u00e9nero de<br>responsables de proyectos, las mujeres superan por diez puntos porcentuales a<br>los hombres.<br>&nbsp;<br>La lista de proyectos seleccionados se encuentra disponible en<br>&nbsp;www.fondosdecultura.cl\/resultados<\/p>\n","protected":false},"excerpt":{"rendered":"<p>Cuarenta y nueve proyectos de la regi\u00f3n de Magallanes ser\u00e1n financiados&nbsp;por&nbsp;elMinisterio de las Culturas, las Artes y el Patrimonio, a trav\u00e9s de la convocatoriade Fondos de Cultura 2025.&nbsp;La inversi\u00f3n Estatal&#8230; <a class=\"read-more\" href=\"https:\/\/www.radiopresidenteibanez.cl\/web\/fondos-de-cultura-invertira-632-millonesen-49-proyectos-de-la-region-de-magallanes\/\">Leer m\u00e1s<\/a><\/p>\n","protected":false},"author":2,"featured_media":54069,"comment_status":"closed","ping_status":"closed","sticky":false,"template":"","format":"standard","meta":{"footnotes":""},"categories":[1],"tags":[],"class_list":["post-54068","post","type-post","status-publish","format-standard","has-post-thumbnail","hentry","category-cronica"],"_links":{"self":[{"href":"https:\/\/www.radiopresidenteibanez.cl\/web\/wp-json\/wp\/v2\/posts\/54068","targetHints":{"allow":["GET"]}}],"collection":[{"href":"https:\/\/www.radiopresidenteibanez.cl\/web\/wp-json\/wp\/v2\/posts"}],"about":[{"href":"https:\/\/www.radiopresidenteibanez.cl\/web\/wp-json\/wp\/v2\/types\/post"}],"author":[{"embeddable":true,"href":"https:\/\/www.radiopresidenteibanez.cl\/web\/wp-json\/wp\/v2\/users\/2"}],"replies":[{"embeddable":true,"href":"https:\/\/www.radiopresidenteibanez.cl\/web\/wp-json\/wp\/v2\/comments?post=54068"}],"version-history":[{"count":0,"href":"https:\/\/www.radiopresidenteibanez.cl\/web\/wp-json\/wp\/v2\/posts\/54068\/revisions"}],"wp:featuredmedia":[{"embeddable":true,"href":"https:\/\/www.radiopresidenteibanez.cl\/web\/wp-json\/wp\/v2\/media\/54069"}],"wp:attachment":[{"href":"https:\/\/www.radiopresidenteibanez.cl\/web\/wp-json\/wp\/v2\/media?parent=54068"}],"wp:term":[{"taxonomy":"category","embeddable":true,"href":"https:\/\/www.radiopresidenteibanez.cl\/web\/wp-json\/wp\/v2\/categories?post=54068"},{"taxonomy":"post_tag","embeddable":true,"href":"https:\/\/www.radiopresidenteibanez.cl\/web\/wp-json\/wp\/v2\/tags?post=54068"}],"curies":[{"name":"wp","href":"https:\/\/api.w.org\/{rel}","templated":true}]}}