{"id":54026,"date":"2025-01-30T13:49:00","date_gmt":"2025-01-30T16:49:00","guid":{"rendered":"https:\/\/www.radiopresidenteibanez.cl\/web\/?p=54026"},"modified":"2025-01-30T11:22:18","modified_gmt":"2025-01-30T14:22:18","slug":"tabsa-potencia-conectividad-a-porvenir-por-asado-internacional-mas-grande-de-tierra-del-fuego","status":"publish","type":"post","link":"https:\/\/www.radiopresidenteibanez.cl\/web\/tabsa-potencia-conectividad-a-porvenir-por-asado-internacional-mas-grande-de-tierra-del-fuego\/","title":{"rendered":"TABSA potencia conectividad a Porvenir por Asado Internacional M\u00e1s Grande de Tierra del Fuego"},"content":{"rendered":"\n<p>Con seis viajes en total, tres desde Punta Arenas y otros tres desde Porvenir, TABSA reforz\u00f3 la conectividad mar\u00edtima con el prop\u00f3sito de respaldar la participaci\u00f3n en el Asado Internacional M\u00e1s Grande de Tierra del Fuego evento que se realizar\u00e1 el s\u00e1bado 1 de febrero.<\/p>\n\n\n\n<p>Asimismo, en un trabajo conjunto con la Autoridad Mar\u00edtima se dispondr\u00e1n para esa jornada de operativos tendientes a fortalecer la seguridad de la navegaci\u00f3n con controles de personas en estado de intemperancia.<\/p>\n\n\n\n<p>\u201cLa seguridad de todos los pasajeros es nuestra primera prioridad y, por ello, nos hemos coordinado con la Autoridad Mar\u00edtima para que se cumpla la normativa que establece la prohibici\u00f3n del ingreso a la embarcaci\u00f3n de personas en estado de ebriedad\u201d, recalc\u00f3 Sebasti\u00e1n Timis, Jefe de Operaciones de TABSA quien agreg\u00f3 que habr\u00e1 presencia de personal de la Polic\u00eda Mar\u00edtima en el terminal de Bah\u00eda Chilota el s\u00e1bado.<\/p>\n\n\n\n<p>Los zarpes desde Punta Arenas se realizar\u00e1n a las 7.30, 12.30 y 19.30 horas y desde Porvenir a las 10.00, 17.00 y 22.00 horas, pudi\u00e9ndose adquirir los pasajes a trav\u00e9s de&nbsp;<a href=\"http:\/\/tabsa.cl\/\" target=\"_blank\" rel=\"noreferrer noopener\">tabsa.cl<\/a>.<\/p>\n","protected":false},"excerpt":{"rendered":"<p>Con seis viajes en total, tres desde Punta Arenas y otros tres desde Porvenir, TABSA reforz\u00f3 la conectividad mar\u00edtima con el prop\u00f3sito de respaldar la participaci\u00f3n en el Asado Internacional&#8230; <a class=\"read-more\" href=\"https:\/\/www.radiopresidenteibanez.cl\/web\/tabsa-potencia-conectividad-a-porvenir-por-asado-internacional-mas-grande-de-tierra-del-fuego\/\">Leer m\u00e1s<\/a><\/p>\n","protected":false},"author":2,"featured_media":54027,"comment_status":"closed","ping_status":"closed","sticky":false,"template":"","format":"standard","meta":{"footnotes":""},"categories":[1],"tags":[],"class_list":["post-54026","post","type-post","status-publish","format-standard","has-post-thumbnail","hentry","category-cronica"],"_links":{"self":[{"href":"https:\/\/www.radiopresidenteibanez.cl\/web\/wp-json\/wp\/v2\/posts\/54026","targetHints":{"allow":["GET"]}}],"collection":[{"href":"https:\/\/www.radiopresidenteibanez.cl\/web\/wp-json\/wp\/v2\/posts"}],"about":[{"href":"https:\/\/www.radiopresidenteibanez.cl\/web\/wp-json\/wp\/v2\/types\/post"}],"author":[{"embeddable":true,"href":"https:\/\/www.radiopresidenteibanez.cl\/web\/wp-json\/wp\/v2\/users\/2"}],"replies":[{"embeddable":true,"href":"https:\/\/www.radiopresidenteibanez.cl\/web\/wp-json\/wp\/v2\/comments?post=54026"}],"version-history":[{"count":0,"href":"https:\/\/www.radiopresidenteibanez.cl\/web\/wp-json\/wp\/v2\/posts\/54026\/revisions"}],"wp:featuredmedia":[{"embeddable":true,"href":"https:\/\/www.radiopresidenteibanez.cl\/web\/wp-json\/wp\/v2\/media\/54027"}],"wp:attachment":[{"href":"https:\/\/www.radiopresidenteibanez.cl\/web\/wp-json\/wp\/v2\/media?parent=54026"}],"wp:term":[{"taxonomy":"category","embeddable":true,"href":"https:\/\/www.radiopresidenteibanez.cl\/web\/wp-json\/wp\/v2\/categories?post=54026"},{"taxonomy":"post_tag","embeddable":true,"href":"https:\/\/www.radiopresidenteibanez.cl\/web\/wp-json\/wp\/v2\/tags?post=54026"}],"curies":[{"name":"wp","href":"https:\/\/api.w.org\/{rel}","templated":true}]}}