{"id":54014,"date":"2025-01-30T10:19:40","date_gmt":"2025-01-30T13:19:40","guid":{"rendered":"https:\/\/www.radiopresidenteibanez.cl\/web\/?p=54014"},"modified":"2025-01-30T10:19:54","modified_gmt":"2025-01-30T13:19:54","slug":"en-puerto-williams-estan-los-recicladores-de-base-certificados-mas-australes-del-mundo","status":"publish","type":"post","link":"https:\/\/www.radiopresidenteibanez.cl\/web\/en-puerto-williams-estan-los-recicladores-de-base-certificados-mas-australes-del-mundo\/","title":{"rendered":"En Puerto Williams est\u00e1n los recicladores de base certificados m\u00e1s australes del mundo"},"content":{"rendered":"\n<p>Iniciamos este 2025 con un gran hito para la regi\u00f3n de Magallanes, relacionado con la certificaci\u00f3n de competencias laborales de diferentes trabajadores, estudiantes, profesionales y t\u00e9cnicos de la zona. Esto es: Ocho recicladores de base de Puerto Williams, capital provincial Ant\u00e1rtica, se han convertido oficialmente en los m\u00e1s australes del mundo en obtener su certificaci\u00f3n.<br>Este hecho in\u00e9dito fue posible gracias a un trabajo colaborativo entre ChileValora; la empresa<br>CCU, que financi\u00f3 el proceso de certificaci\u00f3n; y Fundaci\u00f3n Emplea, encargada de capacitar<br>previamente a los participantes para que estuviesen preparados para enfrentar su proceso de<br>evaluaci\u00f3n de competencias con \u00e9xito. Cabe destacar tambi\u00e9n la gesti\u00f3n de la Municipalidad de<br>Cabo de Hornos, que otorga trabajo a estas trabajadoras y trabajadores.<br>En palabras de la Seremi del Trabajo, Doris Sandoval Miranda, el orgullo y emoci\u00f3n por estos<br>logros se refleja en su declaraci\u00f3n: \u201cCreo que estamos viviendo un ciclo muy importante de<br>avances y de oportunidades, de espacios que se han abierto para oficios y labores que antes no<br>contaban con ning\u00fan tipo de reconocimiento, m\u00e1s que el de la comunidad donde se<br>desempe\u00f1aban. Hoy ya contamos con ocho nuevos recicladores de base, gestores de residuos<br>certificados, que no s\u00f3lo hacen un trabajo fundamental para el planeta, sino que est\u00e1n abriendo<br>puertas a que otras y otros detr\u00e1s de ellos puedan contar tambi\u00e9n con esta posibilidad en el<br>futuro. No damos m\u00e1s de orgullos y de felicidad por este tremendo avance, de la mano de<br>ChileValora y de nuestro ministerio del Trabajo\u201d, expres\u00f3 la autoridad.<br>Refrendando estas palabras, la coordinadora regional de ChileValora, Marilyn C\u00e1rdenas, se\u00f1al\u00f3<br>que: \u201cEstamos muy orgullosos del trabajo que est\u00e1n realizando en el municipio de cabo de hornos<br>con respecto a la segregaci\u00f3n de residuos. Para ChileValora es de vital importancia potenciar y<br>apoyar este tipo de procesos y que finalmente se puedan formalizar mediante una certificaci\u00f3n de<br>recicladores de base. Agradecer a CCU que nos apoy\u00f3 en capacitar a los trabajadores y finalmente<br>financi\u00f3 los procesos de certificaci\u00f3n. Recicladores de base m\u00e1s austral del mundo\u201d, expuso.<br>\u201cLa misi\u00f3n de Fundaci\u00f3n Emplea es impulsar trayectorias laborales, por lo que haber apoyado a<br>este grupo de personas, que se encuentran al fin del mundo, con los conocimientos y el<br>acompa\u00f1amiento necesario para obtener un certificado que les le permitir\u00e1 impulsar su trabajo y<br>acceder a mejores oportunidades laborales nos enorgullece y nos demuestra que hay muchas<\/p>\n\n\n\n<p>personas en Chile que s\u00f3lo est\u00e1n esperando una oportunidad para demostrar todo lo que son<br>capaces\u201d, expres\u00f3 Jorge Gaju, Director Ejecutivo de Fundaci\u00f3n Emplea.<br>Isabo Arce Montoya, es una de las funcionarias del equipo de reciclaje de la Municipalidad de<br>Cabo de Hornos, quien obtuvo, orgullosa, esta certificaci\u00f3n, expres\u00f3 que \u201cformar parte de este<br>proceso ha sido una experiencia enriquecedora. Como equipo, nos ha permitido obtener una<br>certificaci\u00f3n que respalda el trabajo que realizamos d\u00eda a d\u00eda y demostramos las competencias que<br>hemos desarrollado en este \u00e1mbito. Esta certificaci\u00f3n como recicladores de base no solo valida<br>nuestro trabajo, tambi\u00e9n forma parte del crecimiento profesional para seguir contribuyendo al<br>cuidado del medio ambiente\u201d.<br>Por su parte, el alcalde de Cabo de Hornos, Patricio Fern\u00e1ndez Alarc\u00f3n, declar\u00f3 que: \u201cHoy damos<br>un paso significativo hacia nuestro compromiso con la sostenibilidad y la econom\u00eda circular. La<br>certificaci\u00f3n de nuestros funcionarios como recicladores de base no solo eleva el nivel de nuestro<br>proceso de reciclaje, sino que tambi\u00e9n fortalece nuestra visi\u00f3n de convertir nuestra comuna en un<br>referente nacional en esta materia. Este logro es un merecido reconocimiento al profesionalismo y<br>dedicaci\u00f3n de quienes est\u00e1n en la primera l\u00ednea de esta labor. Por nuestra parte, el compromiso<br>de seguir creciendo en el \u00e1mbito de sostenibilidad y econom\u00eda circular sigue en pie\u201d.<br>A su vez, Jos\u00e9 Castro Obreque, asesor de medio ambiente de la Municipalidad de Cabo de Hornos,<br>valor\u00f3 que \u201ctener recicladores de base certificados marca un antes y un despu\u00e9s en nuestro<br>proceso de reciclaje, permiti\u00e9ndonos alcanzar mayores niveles de eficiencia y mejorar<br>significativamente la calidad de los materiales recuperados y reutilizados en nuestra comuna. Este<br>logro es parte fundamental de nuestro compromiso con la mejora continua en la gesti\u00f3n<br>ambiental, aline\u00e1ndonos con los objetivos de la hoja de ruta para Chile 2040. La certificaci\u00f3n de<br>nuestros recicladores no solo representa un hito, sino tambi\u00e9n un avance clave hacia la<br>construcci\u00f3n de una comuna m\u00e1s sostenible\u201d.<br>Por parte de CCU, Felipe Gonz\u00e1lez, Jefe de Formaci\u00f3n coment\u00f3 que, \u00abcomo CCU, nos alegra apoyar<br>instancias de capacitaci\u00f3n que sean un aporte de valor para la comunidad y su sustentabilidad. El<br>proceso de potenciamiento de recicladores base tiene un alcance a nivel nacional y es primera vez<br>que como Compa\u00f1\u00eda podemos impactar a la regi\u00f3n de Magallanes. Esperamos continuar estos<br>proyectos de cara al 2025 y seguir impulsando la empleabilidad\u00bb.<\/p>\n","protected":false},"excerpt":{"rendered":"<p>Iniciamos este 2025 con un gran hito para la regi\u00f3n de Magallanes, relacionado con la certificaci\u00f3n de competencias laborales de diferentes trabajadores, estudiantes, profesionales y t\u00e9cnicos de la zona. Esto&#8230; <a class=\"read-more\" href=\"https:\/\/www.radiopresidenteibanez.cl\/web\/en-puerto-williams-estan-los-recicladores-de-base-certificados-mas-australes-del-mundo\/\">Leer m\u00e1s<\/a><\/p>\n","protected":false},"author":2,"featured_media":54015,"comment_status":"closed","ping_status":"closed","sticky":false,"template":"","format":"standard","meta":{"footnotes":""},"categories":[1],"tags":[],"class_list":["post-54014","post","type-post","status-publish","format-standard","has-post-thumbnail","hentry","category-cronica"],"_links":{"self":[{"href":"https:\/\/www.radiopresidenteibanez.cl\/web\/wp-json\/wp\/v2\/posts\/54014","targetHints":{"allow":["GET"]}}],"collection":[{"href":"https:\/\/www.radiopresidenteibanez.cl\/web\/wp-json\/wp\/v2\/posts"}],"about":[{"href":"https:\/\/www.radiopresidenteibanez.cl\/web\/wp-json\/wp\/v2\/types\/post"}],"author":[{"embeddable":true,"href":"https:\/\/www.radiopresidenteibanez.cl\/web\/wp-json\/wp\/v2\/users\/2"}],"replies":[{"embeddable":true,"href":"https:\/\/www.radiopresidenteibanez.cl\/web\/wp-json\/wp\/v2\/comments?post=54014"}],"version-history":[{"count":0,"href":"https:\/\/www.radiopresidenteibanez.cl\/web\/wp-json\/wp\/v2\/posts\/54014\/revisions"}],"wp:featuredmedia":[{"embeddable":true,"href":"https:\/\/www.radiopresidenteibanez.cl\/web\/wp-json\/wp\/v2\/media\/54015"}],"wp:attachment":[{"href":"https:\/\/www.radiopresidenteibanez.cl\/web\/wp-json\/wp\/v2\/media?parent=54014"}],"wp:term":[{"taxonomy":"category","embeddable":true,"href":"https:\/\/www.radiopresidenteibanez.cl\/web\/wp-json\/wp\/v2\/categories?post=54014"},{"taxonomy":"post_tag","embeddable":true,"href":"https:\/\/www.radiopresidenteibanez.cl\/web\/wp-json\/wp\/v2\/tags?post=54014"}],"curies":[{"name":"wp","href":"https:\/\/api.w.org\/{rel}","templated":true}]}}