{"id":54008,"date":"2025-01-29T19:55:00","date_gmt":"2025-01-29T22:55:00","guid":{"rendered":"https:\/\/www.radiopresidenteibanez.cl\/web\/?p=54008"},"modified":"2025-01-29T11:17:09","modified_gmt":"2025-01-29T14:17:09","slug":"exitosa-feria-de-servicios-de-salud-realizo-santo-tomas-punta-arenas","status":"publish","type":"post","link":"https:\/\/www.radiopresidenteibanez.cl\/web\/exitosa-feria-de-servicios-de-salud-realizo-santo-tomas-punta-arenas\/","title":{"rendered":"Exitosa feria de servicios de salud realiz\u00f3 Santo Tom\u00e1s Punta Arenas"},"content":{"rendered":"\n<p>150 controles de presi\u00f3n arterial y control de hemoglucotest se realizaron en la<br>feria de servicios de salud que realiz\u00f3 Santo Tom\u00e1s Punta Arenas en las<br>dependencias de mall espacio urbano. Adem\u00e1s, se cont\u00f3 con el equipo de<br>admisi\u00f3n quienes interactuaron con los j\u00f3venes sobre las ofertas acad\u00e9micas que<br>ofrece la casa de estudios en Punta Arenas.<br>Los controles de salud estuvieron a cargo de las estudiantes de quinto semestre<br>de t\u00e9cnico en enfermer\u00eda, Carmen Agullo y Claudia Julio, quienes realizaron<br>muestras y explicaban a la gente la importancia de controlarse la presi\u00f3n arterial<br>por lo menos una vez al mes. Carmen Agullo, qui\u00e9n este a\u00f1o comienza con su<br>pr\u00e1ctica profesional en el \u00e1rea de medicina del hospital cl\u00ednico de Magallanes,<br>se\u00f1al\u00f3 que muchas veces la gente no quiere hacerse un control por temor, pero<br>siempre es importante tener un chequeo, sore todo con el control de<br>hemoglucotest que sirve para medir los niveles de glicemia en la sangre.<br>Asimismo, se ense\u00f1aron pr\u00e1cticas de primeros auxilios para ni\u00f1os que puedan<br>llegar a sufrir una asfixia.<br>La directora de asuntos estudiantiles y admisi\u00f3n, Daniela Torres, destac\u00f3 a la<br>carrera de t\u00e9cnico en enfermer\u00eda como una de las m\u00e1s destacadas y preferidas<br>por los estudiantes ya que la carrera en modo vespertino se encuentra cerrada<br>con 49 matriculados y en el horario diurno alcanza a 30 personas. \u201cEsto es un<br>reconocimiento al buen trabajo que hemos llevado adelante con el equipo docente,<br>la malla curricular y la seguridad que entregamos a nuestros alumnos para que<br>salgan de la mejor forma a la vida profesional, adem\u00e1s cabe mencionar que<br>tenemos convenios con todos los centros de salud de la ciudad para que puedan<br>realizar de mejor forma sus pr\u00e1cticas profesionales\u201d, enfatiz\u00f3.<br>La directora de la carrera, Macarena Antilef, declar\u00f3 que el programa acad\u00e9mico<br>ha sido dise\u00f1ado bajo los lineamientos generales del marco de cualificaciones,<br>incorporando perfiles laborales que requieren el mercado emergente asociado a la<br>salud digital como capacitador en sistemas de informaci\u00f3n en salud y cuidador<br>primario, los que se encuentran articulados con los perfiles laborales de<br>Chilevalora, servicio p\u00fablico conformado por la comisi\u00f3n del sistema nacional de<br>certificaci\u00f3n de competencias laborales cuya funci\u00f3n principal es reconocer<br>formalmente las competencias laborales mediante una certificaci\u00f3n.<\/p>\n\n\n\n<p>Las y los titulados del centro de formaci\u00f3n t\u00e9cnica Santo Tom\u00e1s Punta Arenas de<br>la carrera t\u00e9cnico en enfermer\u00eda de nivel superior est\u00e1n preparados para otorgar<br>atenci\u00f3n de enfermer\u00eda en el marco del modelo de atenci\u00f3n integral de salud,<br>apoyando la promoci\u00f3n, prevenci\u00f3n, recuperaci\u00f3n y rehabilitaci\u00f3n f\u00edsica y mental,<br>en los diversos niveles de atenci\u00f3n de la red asistencial, favoreciendo la<br>continuidad del cuidado. Para el cumplimiento de dichas funciones, poseen<br>habilidades de an\u00e1lisis cr\u00edtico y generaci\u00f3n de informaci\u00f3n especializada, como as\u00ed<br>tambi\u00e9n de gesti\u00f3n de recursos con eficacia y eficiencia, basados en el dominio de<br>conocimientos de su \u00e1rea de especialidad.<\/p>\n","protected":false},"excerpt":{"rendered":"<p>150 controles de presi\u00f3n arterial y control de hemoglucotest se realizaron en laferia de servicios de salud que realiz\u00f3 Santo Tom\u00e1s Punta Arenas en lasdependencias de mall espacio urbano. Adem\u00e1s,&#8230; <a class=\"read-more\" href=\"https:\/\/www.radiopresidenteibanez.cl\/web\/exitosa-feria-de-servicios-de-salud-realizo-santo-tomas-punta-arenas\/\">Leer m\u00e1s<\/a><\/p>\n","protected":false},"author":2,"featured_media":54009,"comment_status":"closed","ping_status":"closed","sticky":false,"template":"","format":"standard","meta":{"footnotes":""},"categories":[1],"tags":[],"class_list":["post-54008","post","type-post","status-publish","format-standard","has-post-thumbnail","hentry","category-cronica"],"_links":{"self":[{"href":"https:\/\/www.radiopresidenteibanez.cl\/web\/wp-json\/wp\/v2\/posts\/54008","targetHints":{"allow":["GET"]}}],"collection":[{"href":"https:\/\/www.radiopresidenteibanez.cl\/web\/wp-json\/wp\/v2\/posts"}],"about":[{"href":"https:\/\/www.radiopresidenteibanez.cl\/web\/wp-json\/wp\/v2\/types\/post"}],"author":[{"embeddable":true,"href":"https:\/\/www.radiopresidenteibanez.cl\/web\/wp-json\/wp\/v2\/users\/2"}],"replies":[{"embeddable":true,"href":"https:\/\/www.radiopresidenteibanez.cl\/web\/wp-json\/wp\/v2\/comments?post=54008"}],"version-history":[{"count":0,"href":"https:\/\/www.radiopresidenteibanez.cl\/web\/wp-json\/wp\/v2\/posts\/54008\/revisions"}],"wp:featuredmedia":[{"embeddable":true,"href":"https:\/\/www.radiopresidenteibanez.cl\/web\/wp-json\/wp\/v2\/media\/54009"}],"wp:attachment":[{"href":"https:\/\/www.radiopresidenteibanez.cl\/web\/wp-json\/wp\/v2\/media?parent=54008"}],"wp:term":[{"taxonomy":"category","embeddable":true,"href":"https:\/\/www.radiopresidenteibanez.cl\/web\/wp-json\/wp\/v2\/categories?post=54008"},{"taxonomy":"post_tag","embeddable":true,"href":"https:\/\/www.radiopresidenteibanez.cl\/web\/wp-json\/wp\/v2\/tags?post=54008"}],"curies":[{"name":"wp","href":"https:\/\/api.w.org\/{rel}","templated":true}]}}