{"id":54002,"date":"2025-01-29T16:55:00","date_gmt":"2025-01-29T19:55:00","guid":{"rendered":"https:\/\/www.radiopresidenteibanez.cl\/web\/?p=54002"},"modified":"2025-01-29T11:10:22","modified_gmt":"2025-01-29T14:10:22","slug":"autoridades-del-sector-salud-y-regionales-visitaron-la-construccion-del-cesfam-18-de-septiembre","status":"publish","type":"post","link":"https:\/\/www.radiopresidenteibanez.cl\/web\/autoridades-del-sector-salud-y-regionales-visitaron-la-construccion-del-cesfam-18-de-septiembre\/","title":{"rendered":"Autoridades del sector salud y regionales visitaron la Construcci\u00f3n del CESFAM \u201c18 de septiembre\u201d"},"content":{"rendered":"\n<p>Hoy se realiz\u00f3 una visita a la obra de construcci\u00f3n del CESFAM \u201c18 de septiembre\u201d en Punta<br>Arenas, donde asistieron la Jefa de Divisi\u00f3n de Presupuesto e Inversi\u00f3n Regional, Sra. Eugenia<br>Mancilla Mac\u00edas, en calidad de Gobernadora Regional (s), el Delegado Presidencial (s), Sr. Andro<br>Mimica Guerrero, la SEREMI de Salud Magallanes, Dra. Francisca Sanfuentes Parga, la Directora<br>del Servicio de Salud Magallanes, Sra. Ver\u00f3nica Y\u00e1\u00f1ez Gonz\u00e1lez, el Consejero Regional, Sr. Antonio<br>Bradasic Sillard y representantes del Consejo de Desarrollo del CESFAM.<br>La instancia tuvo como objetivo conocer el avance de la obra, la cual cuenta con cerca de un 40%<br>de Avance F\u00edsico General Acumulado, proyecto que tiene como inversi\u00f3n $14.500.000.000, un<br>85%, entregado por el Gobierno Regional y $973.000.000, un 15%, con fondos del Ministerio de<br>Salud.<br>Frente a esto, la Jefa de Divisi\u00f3n de Presupuesto e Inversi\u00f3n Regional, Sra. Eugenia<br>Mancilla, se\u00f1al\u00f3 que pudo observar \u201cun avance significativo de la obra comprometida por<br>el Gobierno Regional, una obra de un costo total de m\u00e1s de $16.000.000.000, de los<br>cuales $14.000.000.000 los aport\u00f3 el Gore a trav\u00e9s de una decisi\u00f3n de su Consejo<br>Regional, incorporada en el Convenio de Programaci\u00f3n, que suscribi\u00f3 con el Ministerio<br>de Salud, por lo tanto este lugar va a entregar tranquilidad, atenci\u00f3n y bienestar al sector<br>sur de nuestra poblaci\u00f3n magall\u00e1nica, y a la comunidad en general\u201d.<br>El proyecto busca mejorar la infraestructura de atenci\u00f3n primaria de salud en la regi\u00f3n, ofreciendo<br>a la comunidad un centro de salud moderno, con equipamiento de \u00faltima generaci\u00f3n y espacios<br>adecuados para una atenci\u00f3n integral, el cual estar\u00eda listo antes de fin de a\u00f1o, permitiendo<br>fortalecer los servicios de atenci\u00f3n m\u00e9dica, promoviendo el bienestar de los habitantes de Punta<br>Arenas y sus alrededores, logrando entregar al personal y usuarios las condiciones adecuadas de<br>funcionamiento, mejorando la eficiencia del recinto en su conjunto, el uso de recursos y los<br>tiempos de atenci\u00f3n y cuenta con una superficie de 3.294.9 m2; en 3 niveles que consideran salas<br>de equipos, box farmacia, sala de usos m\u00faltiple camarines vestuario, control centralizado, sala<br>bombas, bodegas, reas, recinto gases cl\u00ednicos, grupo electr\u00f3genos, boxes de consulta, boxes de<br>procedimiento, box de reanimaci\u00f3n, atenci\u00f3n dental, rayos x, rehabilitaci\u00f3n, ginecolog\u00eda, toma de<br>muestras, programas especiales, salas ira y era, box paciente cr\u00edtico, administraci\u00f3n, SOME y<br>farmacia. Un nivel z\u00f3calo que cuenta con comedor, camarines vestuario, control centralizado,<br>sala de bombas, bodegas, reas, recinto gases cl\u00ednicos, grupo electr\u00f3geno. Tambi\u00e9n consulta un<br>piso t\u00e9cnico de ductos, Vex y Umas.<br>La Seremi de Salud de Magallanes, Dra. Francisca Sanfuentes, respecto a esta visita,<br>manifest\u00f3 que \u201cestamos muy contentos de poder estar acompa\u00f1ando a la comunidad y a<br>los funcionarios del CESFAM 18 de septiembre, ya que nos permite conocer el estado de<br>avance de las obras de este centro de salud que es tan anhelado. Es una muestra del<br>gran trabajo que ha desarrollado todo el equipo del Servicio de Salud, tambi\u00e9n de la<br>empresa constructora y todos aquellos que han estado detr\u00e1s de que el avance de las<br>obras se cumpla de acuerdo a los tiempos estipulados. Esto es una muestra del<br>compromiso con que trabaja el Ministerio de Salud en la infraestructura para todos<\/p>\n\n\n\n<p>nuestros usuarios de la red p\u00fablica\u201d.<br>Expres\u00f3 que a nivel regional contamos con toda una red de hospitales moderna y que el<br>desaf\u00edo est\u00e1 en la atenci\u00f3n primaria. \u201cYa tenemos un CESFAM Thom\u00e1s Fenton nuevo,<br>que cumple con las condiciones y que ha sido muy bien recibido y valorado por la<br>comunidad usuaria. A corto plazo vamos a contar con el CESFAM 18 de septiembre y as\u00ed<br>debemos seguir avanzando con paso firme en el dise\u00f1o y tambi\u00e9n en las obras de todos<br>los otros establecimientos de atenci\u00f3n primaria que est\u00e1n planificados en el contexto del<br>Convenio de Programaci\u00f3n entre el Ministerio de Salud y el Gobierno Regional\u201d, detall\u00f3.<br>A su vez, la Directora del Servicio de Salud Magallanes, Sra. Ver\u00f3nica Y\u00e1\u00f1ez, expres\u00f3<br>que \u201cestamos muy contentos de encontrarnos aqu\u00ed, hemos invitado a las autoridades,<br>funcionarios y representantes del Consejo a conocer el avance del CESFAM 18 de<br>septiembre y todo va de acuerdo al cronograma, lo que nos permitir\u00eda entregar la obra a<br>finales de noviembre y nos tiene muy felices porque los 120 funcionarios que se<br>desempe\u00f1an en el CESFAM y la comunidad, cerca de 18.000 usuarios inscritos, van a<br>poder ser parte de este lugar\u201d.<br>Las representantes del Consejo de Desarrollo del CESFAM 18 de septiembre, Gloria<br>Andrade y Leontina Pe\u00f1a, expresaron su alegr\u00eda y satisfacci\u00f3n por los avances de la obra<br>y al ver reflejado este anhelado proyecto.<\/p>\n","protected":false},"excerpt":{"rendered":"<p>Hoy se realiz\u00f3 una visita a la obra de construcci\u00f3n del CESFAM \u201c18 de septiembre\u201d en PuntaArenas, donde asistieron la Jefa de Divisi\u00f3n de Presupuesto e Inversi\u00f3n Regional, Sra. EugeniaMancilla&#8230; <a class=\"read-more\" href=\"https:\/\/www.radiopresidenteibanez.cl\/web\/autoridades-del-sector-salud-y-regionales-visitaron-la-construccion-del-cesfam-18-de-septiembre\/\">Leer m\u00e1s<\/a><\/p>\n","protected":false},"author":2,"featured_media":54003,"comment_status":"closed","ping_status":"closed","sticky":false,"template":"","format":"standard","meta":{"footnotes":""},"categories":[1],"tags":[],"class_list":["post-54002","post","type-post","status-publish","format-standard","has-post-thumbnail","hentry","category-cronica"],"_links":{"self":[{"href":"https:\/\/www.radiopresidenteibanez.cl\/web\/wp-json\/wp\/v2\/posts\/54002","targetHints":{"allow":["GET"]}}],"collection":[{"href":"https:\/\/www.radiopresidenteibanez.cl\/web\/wp-json\/wp\/v2\/posts"}],"about":[{"href":"https:\/\/www.radiopresidenteibanez.cl\/web\/wp-json\/wp\/v2\/types\/post"}],"author":[{"embeddable":true,"href":"https:\/\/www.radiopresidenteibanez.cl\/web\/wp-json\/wp\/v2\/users\/2"}],"replies":[{"embeddable":true,"href":"https:\/\/www.radiopresidenteibanez.cl\/web\/wp-json\/wp\/v2\/comments?post=54002"}],"version-history":[{"count":0,"href":"https:\/\/www.radiopresidenteibanez.cl\/web\/wp-json\/wp\/v2\/posts\/54002\/revisions"}],"wp:featuredmedia":[{"embeddable":true,"href":"https:\/\/www.radiopresidenteibanez.cl\/web\/wp-json\/wp\/v2\/media\/54003"}],"wp:attachment":[{"href":"https:\/\/www.radiopresidenteibanez.cl\/web\/wp-json\/wp\/v2\/media?parent=54002"}],"wp:term":[{"taxonomy":"category","embeddable":true,"href":"https:\/\/www.radiopresidenteibanez.cl\/web\/wp-json\/wp\/v2\/categories?post=54002"},{"taxonomy":"post_tag","embeddable":true,"href":"https:\/\/www.radiopresidenteibanez.cl\/web\/wp-json\/wp\/v2\/tags?post=54002"}],"curies":[{"name":"wp","href":"https:\/\/api.w.org\/{rel}","templated":true}]}}