{"id":5400,"date":"2019-06-28T14:53:03","date_gmt":"2019-06-28T14:53:03","guid":{"rendered":"http:\/\/www.radiopresidenteibanez.cl\/web\/?p=5400"},"modified":"2019-06-28T14:53:27","modified_gmt":"2019-06-28T14:53:27","slug":"asociacion-de-salmonicultores-se-refieren-a-la-situacion-de-nova-austral-denunciada-en-un-medio-nacional","status":"publish","type":"post","link":"https:\/\/www.radiopresidenteibanez.cl\/web\/asociacion-de-salmonicultores-se-refieren-a-la-situacion-de-nova-austral-denunciada-en-un-medio-nacional\/","title":{"rendered":"ASOCIACI\u00d3N DE SALMONICULTORES SE REFIEREN A LA SITUACI\u00d3N DE NOVA AUSTRAL DENUNCIADA EN UN MEDIO NACIONAL"},"content":{"rendered":"\n<p>En relaci\u00f3n a las acusaciones\nrealizadas en el medio de comunicaci\u00f3n El Mostrador, contra uno de nuestros\nasociados, la Asociaci\u00f3n de Salmonicultores de Magallanes informa que: <\/p>\n\n\n\n<ul class=\"wp-block-list\"><li>La Asociaci\u00f3n hace p\u00fablico su rechazo a cualquier pr\u00e1ctica que\nvaya en contra de la normativa vigente con la que se rige la industria\nsalmonicultora de nuestro pa\u00eds. <\/li><\/ul>\n\n\n\n<ul class=\"wp-block-list\"><li>Es fundamental que se realice una investigaci\u00f3n a fondo, por parte\nde las autoridades pertinentes, para aclarar la autenticidad o falsedad de los\nhechos expuestos en el reportaje.<\/li><\/ul>\n\n\n\n<ul class=\"wp-block-list\"><li>Finalmente, la Asociaci\u00f3n de Salmonicultores y las empresas que\nson parte de ella, reiteran su compromiso con la sustentabilidad ambiental y\nsanitaria y el cumplimiento de la normativa vigente, tal como establecen sus\nestatutos, para tranquilidad de los trabajadores y de los vecinos de la regi\u00f3n\nde Magallanes. <\/li><\/ul>\n\n\n\n<figure class=\"wp-block-image\"><img loading=\"lazy\" decoding=\"async\" width=\"920\" height=\"614\" src=\"https:\/\/www.radiopresidenteibanez.cl\/web\/wp-content\/uploads\/2019\/06\/novaaustral.jpg\" alt=\"\" class=\"wp-image-5401\" srcset=\"https:\/\/www.radiopresidenteibanez.cl\/web\/wp-content\/uploads\/2019\/06\/novaaustral.jpg 920w, https:\/\/www.radiopresidenteibanez.cl\/web\/wp-content\/uploads\/2019\/06\/novaaustral-300x200.jpg 300w, https:\/\/www.radiopresidenteibanez.cl\/web\/wp-content\/uploads\/2019\/06\/novaaustral-768x513.jpg 768w\" sizes=\"auto, (max-width: 920px) 100vw, 920px\" \/><\/figure>\n","protected":false},"excerpt":{"rendered":"<p>En relaci\u00f3n a las acusaciones realizadas en el medio de comunicaci\u00f3n El Mostrador, contra uno de nuestros asociados, la Asociaci\u00f3n de Salmonicultores de Magallanes informa que: La Asociaci\u00f3n hace p\u00fablico&#8230; <a class=\"read-more\" href=\"https:\/\/www.radiopresidenteibanez.cl\/web\/asociacion-de-salmonicultores-se-refieren-a-la-situacion-de-nova-austral-denunciada-en-un-medio-nacional\/\">Leer m\u00e1s<\/a><\/p>\n","protected":false},"author":2,"featured_media":5401,"comment_status":"closed","ping_status":"closed","sticky":false,"template":"","format":"standard","meta":{"footnotes":""},"categories":[1],"tags":[],"class_list":["post-5400","post","type-post","status-publish","format-standard","has-post-thumbnail","hentry","category-cronica"],"_links":{"self":[{"href":"https:\/\/www.radiopresidenteibanez.cl\/web\/wp-json\/wp\/v2\/posts\/5400","targetHints":{"allow":["GET"]}}],"collection":[{"href":"https:\/\/www.radiopresidenteibanez.cl\/web\/wp-json\/wp\/v2\/posts"}],"about":[{"href":"https:\/\/www.radiopresidenteibanez.cl\/web\/wp-json\/wp\/v2\/types\/post"}],"author":[{"embeddable":true,"href":"https:\/\/www.radiopresidenteibanez.cl\/web\/wp-json\/wp\/v2\/users\/2"}],"replies":[{"embeddable":true,"href":"https:\/\/www.radiopresidenteibanez.cl\/web\/wp-json\/wp\/v2\/comments?post=5400"}],"version-history":[{"count":0,"href":"https:\/\/www.radiopresidenteibanez.cl\/web\/wp-json\/wp\/v2\/posts\/5400\/revisions"}],"wp:featuredmedia":[{"embeddable":true,"href":"https:\/\/www.radiopresidenteibanez.cl\/web\/wp-json\/wp\/v2\/media\/5401"}],"wp:attachment":[{"href":"https:\/\/www.radiopresidenteibanez.cl\/web\/wp-json\/wp\/v2\/media?parent=5400"}],"wp:term":[{"taxonomy":"category","embeddable":true,"href":"https:\/\/www.radiopresidenteibanez.cl\/web\/wp-json\/wp\/v2\/categories?post=5400"},{"taxonomy":"post_tag","embeddable":true,"href":"https:\/\/www.radiopresidenteibanez.cl\/web\/wp-json\/wp\/v2\/tags?post=5400"}],"curies":[{"name":"wp","href":"https:\/\/api.w.org\/{rel}","templated":true}]}}