{"id":53962,"date":"2025-01-28T12:39:00","date_gmt":"2025-01-28T15:39:00","guid":{"rendered":"https:\/\/www.radiopresidenteibanez.cl\/web\/?p=53962"},"modified":"2025-01-28T10:40:58","modified_gmt":"2025-01-28T13:40:58","slug":"delegacion-presidencial-presenta-plan-de-accion-para-abordar-problemas-de-tenencia-responsable-en-porvenir","status":"publish","type":"post","link":"https:\/\/www.radiopresidenteibanez.cl\/web\/delegacion-presidencial-presenta-plan-de-accion-para-abordar-problemas-de-tenencia-responsable-en-porvenir\/","title":{"rendered":"Delegaci\u00f3n presidencial presenta plan de acci\u00f3n para abordar problemas de tenencia responsable en Porvenir"},"content":{"rendered":"\n<p>Se trata del \u201cPlan de Control y Bienestar Animal en la comuna de Porvenir\u201d, cuyo objetivo es mejorar la salud y el bienestar de los animales, consolidando un equilibrio entre la protecci\u00f3n animal y la seguridad p\u00fablica.<br>La iniciativa surge ante la problem\u00e1tica de ataques de perros a ganado y tambi\u00e9n hacia personas,<br>situaciones que hab\u00edan sido denunciadas por los habitantes de la comuna. En este contexto, la<br>Delegaci\u00f3n Presidencial Provincial de Tierra del Fuego, encabez\u00f3 una serie de encuentros abiertos a la comunidad, donde se pudieron reunir los antecedentes necesarios para levantar un plan de<br>trabajo que entregue soluciones al problema.<br>\u201cYa estamos en una tercera sesi\u00f3n, donde cada participante, ha compartido su perspectiva y sus<br>ideas, con eso hemos levantado las l\u00edneas de trabajo para entregar un plan que vaya enfrentando<br>con mayor especificidad esta tem\u00e1tica tan solicitada por nuestra comunidad\u201d, indic\u00f3 el Delegado<br>Jos\u00e9 Campos Prieto, quien destac\u00f3 el trabajo coordinado entre los distintos actores convocados para poder configurar el esquema de acciones.<br>\u201cEsto lo hemos hecho en conjunto con varios servicios p\u00fablicos, en especial con el Municipio, Indap, SAG, Salud y sobretodo con la comunidad que se ha visto afectada con estas tem\u00e1ticas; por una parte, todas estas organizaciones sociales que est\u00e1n dedicadas al cuidado de los animales, como el caso de Patitas Fueguinas y tambi\u00e9n los parceleros y la asociaci\u00f3n de Ganaderos de Tierra del Fuego, quienes han sufrido durante mucho tiempo el ataque de estos animales\u201d, se\u00f1al\u00f3 el delegado.<br>Actualmente, la propuesta de trabajo contempla seis l\u00edneas de acci\u00f3n: Judicial, Control Demogr\u00e1fico de las Especies, Permanencia Educativa, Innovaci\u00f3n Tecnol\u00f3gica, Difusi\u00f3n, Cuidado y Control de Animales sin Due\u00f1os Declarados.<br>\u201cLa expectativa es ir profundizando en estas l\u00edneas de acci\u00f3n, una de ellas es la aplicaci\u00f3n lo m\u00e1s<br>apegada posible a la normativa, para que podamos realmente ejecutar la Ley de Tenencia<br>Responsable y para eso, los organismos fiscalizadores se tienen que agrupar y cerrar el c\u00edrculo,<br>permitiendo que esta ley realmente se aplique\u201d, acot\u00f3 el delegado, a\u00f1adiendo que por otro lado, es importante reforzar el tema formativo: \u201ces fundamental que la comunidad se forme, aprenda y sepa lo que es la Tenencia Responsable. No solo la comunidad, sino que especialmente, quienes est\u00e1n en una etapa de formaci\u00f3n en los colegios y en los liceos\u201d.<br>Entre los convocados, Patitas Fueguinas, tambi\u00e9n ha tenido una importante participaci\u00f3n y su<br>presidenta Yeny Miranda, expres\u00f3 que como organizaci\u00f3n dedicada a la ayuda de felinos y canes,<br>esperan que \u201ctodos los entes en cuesti\u00f3n tomen participaci\u00f3n de este tema, que es importante para toda la comuna y que en realidad se llegue a un buen t\u00e9rmino, dando soluci\u00f3n al problema que est\u00e1 afectando a la comunidad de Porvenir\u2026 Tenemos las ganas de cooperar, de apoyar, de ayudar en pos del bienestar de los animales\u201d, se\u00f1al\u00f3.<\/p>\n","protected":false},"excerpt":{"rendered":"<p>Se trata del \u201cPlan de Control y Bienestar Animal en la comuna de Porvenir\u201d, cuyo objetivo es mejorar la salud y el bienestar de los animales, consolidando un equilibrio entre&#8230; <a class=\"read-more\" href=\"https:\/\/www.radiopresidenteibanez.cl\/web\/delegacion-presidencial-presenta-plan-de-accion-para-abordar-problemas-de-tenencia-responsable-en-porvenir\/\">Leer m\u00e1s<\/a><\/p>\n","protected":false},"author":2,"featured_media":53963,"comment_status":"closed","ping_status":"closed","sticky":false,"template":"","format":"standard","meta":{"footnotes":""},"categories":[1],"tags":[],"class_list":["post-53962","post","type-post","status-publish","format-standard","has-post-thumbnail","hentry","category-cronica"],"_links":{"self":[{"href":"https:\/\/www.radiopresidenteibanez.cl\/web\/wp-json\/wp\/v2\/posts\/53962","targetHints":{"allow":["GET"]}}],"collection":[{"href":"https:\/\/www.radiopresidenteibanez.cl\/web\/wp-json\/wp\/v2\/posts"}],"about":[{"href":"https:\/\/www.radiopresidenteibanez.cl\/web\/wp-json\/wp\/v2\/types\/post"}],"author":[{"embeddable":true,"href":"https:\/\/www.radiopresidenteibanez.cl\/web\/wp-json\/wp\/v2\/users\/2"}],"replies":[{"embeddable":true,"href":"https:\/\/www.radiopresidenteibanez.cl\/web\/wp-json\/wp\/v2\/comments?post=53962"}],"version-history":[{"count":0,"href":"https:\/\/www.radiopresidenteibanez.cl\/web\/wp-json\/wp\/v2\/posts\/53962\/revisions"}],"wp:featuredmedia":[{"embeddable":true,"href":"https:\/\/www.radiopresidenteibanez.cl\/web\/wp-json\/wp\/v2\/media\/53963"}],"wp:attachment":[{"href":"https:\/\/www.radiopresidenteibanez.cl\/web\/wp-json\/wp\/v2\/media?parent=53962"}],"wp:term":[{"taxonomy":"category","embeddable":true,"href":"https:\/\/www.radiopresidenteibanez.cl\/web\/wp-json\/wp\/v2\/categories?post=53962"},{"taxonomy":"post_tag","embeddable":true,"href":"https:\/\/www.radiopresidenteibanez.cl\/web\/wp-json\/wp\/v2\/tags?post=53962"}],"curies":[{"name":"wp","href":"https:\/\/api.w.org\/{rel}","templated":true}]}}