{"id":5394,"date":"2019-06-28T14:44:09","date_gmt":"2019-06-28T14:44:09","guid":{"rendered":"http:\/\/www.radiopresidenteibanez.cl\/web\/?p=5394"},"modified":"2019-06-28T14:44:58","modified_gmt":"2019-06-28T14:44:58","slug":"con-la-presencia-del-subsecretario-de-hacienda-se-conmemoro-el-dia-internacional-de-la-mipyme","status":"publish","type":"post","link":"https:\/\/www.radiopresidenteibanez.cl\/web\/con-la-presencia-del-subsecretario-de-hacienda-se-conmemoro-el-dia-internacional-de-la-mipyme\/","title":{"rendered":"CON LA PRESENCIA DEL SUBSECRETARIO DE HACIENDA SE CONMEMOR\u00d3 EL D\u00cdA INTERNACIONAL DE LA MIPYME"},"content":{"rendered":"\n<p>En el marco del d\u00eda internacional\nde la MIPYME, Subsecretario de Hacienda, Francisco Moreno junto con Seremi de Econom\u00eda,\nFomento y Turismo, Natalia Easton y Seremi de Hacienda Lil Garc\u00e9s se reunieron\ncon emprendedores en el Centro de Negocios de Punta Arenas, con el objetivo de\nsaludar y felicitar a los participantes del Taller \u201cT\u00e9cnicas de Venta\u201d. <\/p>\n\n\n\n<p>La Seremi\nEaston declaro, \u201cHoy celebramos el d\u00eda internacional de las micro y medianas\nempresas con la visita del Subsecretario de Hacienda, quien se reuni\u00f3 con los\nemprendedores de Magallanes y les expuso en detalle los proyectos de ley que\nest\u00e1 impulsando nuestro gobierno para ir en apoyo y fortalecimiento de las\npymes de Chile. Un importante motor econ\u00f3mico que en Magallanes re\u00fane a m\u00e1s de\n11.000 emprendedores, genera el 66,7% del empleo y, sin duda alguna, son el\nmotor de nuestra econom\u00eda. El Presidente Pi\u00f1era est\u00e1 comprometido con las\nMipymes y, en ese sentido, se est\u00e1n llevando a cabo una serie de iniciativas\ncomo la implementaci\u00f3n de la Ley de Pago 30 D\u00edas, el programa Digitaliza tu\npyme, la Cl\u00e1usula Pyme dentro del proyecto de Modernizaci\u00f3n Tributaria, entre\notros, con el objetivo de emparejar la cancha y seguir fortaleciendo a este\nimportante grupo\u201d.<\/p>\n\n\n\n<p>La fecha 27 de junio se instaura el a\u00f1o 2017, los peque\u00f1os y medianos empresarios poseen su merecido d\u00eda mundial en reconocimiento a su labor en las econom\u00edas locales y globales. Estas empresas, que cuentan con un n\u00famero reducido de trabajadores (generalmente, menos de 250 personas) y un moderado volumen de facturaci\u00f3n, son la espina dorsal de la mayor\u00eda de las econom\u00edas del mundo y desempe\u00f1an un papel fundamental en los pa\u00edses en desarrollo. La Asamblea General, reconociendo la importancia de estas compa\u00f1\u00edas, decidi\u00f3 declarar el 27 de junio el D\u00eda de las Microempresas y las Peque\u00f1as y Medianas Empresas para concienciar acerca de su contribuci\u00f3n al desarrollo sostenible.<\/p>\n\n\n\n<figure class=\"wp-block-image\"><img loading=\"lazy\" decoding=\"async\" width=\"960\" height=\"641\" src=\"https:\/\/www.radiopresidenteibanez.cl\/web\/wp-content\/uploads\/2019\/06\/65386580_189788442013256_4536482781751934976_n.jpg\" alt=\"\" class=\"wp-image-5395\" srcset=\"https:\/\/www.radiopresidenteibanez.cl\/web\/wp-content\/uploads\/2019\/06\/65386580_189788442013256_4536482781751934976_n.jpg 960w, https:\/\/www.radiopresidenteibanez.cl\/web\/wp-content\/uploads\/2019\/06\/65386580_189788442013256_4536482781751934976_n-300x200.jpg 300w, https:\/\/www.radiopresidenteibanez.cl\/web\/wp-content\/uploads\/2019\/06\/65386580_189788442013256_4536482781751934976_n-768x513.jpg 768w\" sizes=\"auto, (max-width: 960px) 100vw, 960px\" \/><\/figure>\n","protected":false},"excerpt":{"rendered":"<p>En el marco del d\u00eda internacional de la MIPYME, Subsecretario de Hacienda, Francisco Moreno junto con Seremi de Econom\u00eda, Fomento y Turismo, Natalia Easton y Seremi de Hacienda Lil Garc\u00e9s&#8230; <a class=\"read-more\" href=\"https:\/\/www.radiopresidenteibanez.cl\/web\/con-la-presencia-del-subsecretario-de-hacienda-se-conmemoro-el-dia-internacional-de-la-mipyme\/\">Leer m\u00e1s<\/a><\/p>\n","protected":false},"author":2,"featured_media":5395,"comment_status":"closed","ping_status":"closed","sticky":false,"template":"","format":"standard","meta":{"footnotes":""},"categories":[1],"tags":[],"class_list":["post-5394","post","type-post","status-publish","format-standard","has-post-thumbnail","hentry","category-cronica"],"_links":{"self":[{"href":"https:\/\/www.radiopresidenteibanez.cl\/web\/wp-json\/wp\/v2\/posts\/5394","targetHints":{"allow":["GET"]}}],"collection":[{"href":"https:\/\/www.radiopresidenteibanez.cl\/web\/wp-json\/wp\/v2\/posts"}],"about":[{"href":"https:\/\/www.radiopresidenteibanez.cl\/web\/wp-json\/wp\/v2\/types\/post"}],"author":[{"embeddable":true,"href":"https:\/\/www.radiopresidenteibanez.cl\/web\/wp-json\/wp\/v2\/users\/2"}],"replies":[{"embeddable":true,"href":"https:\/\/www.radiopresidenteibanez.cl\/web\/wp-json\/wp\/v2\/comments?post=5394"}],"version-history":[{"count":0,"href":"https:\/\/www.radiopresidenteibanez.cl\/web\/wp-json\/wp\/v2\/posts\/5394\/revisions"}],"wp:featuredmedia":[{"embeddable":true,"href":"https:\/\/www.radiopresidenteibanez.cl\/web\/wp-json\/wp\/v2\/media\/5395"}],"wp:attachment":[{"href":"https:\/\/www.radiopresidenteibanez.cl\/web\/wp-json\/wp\/v2\/media?parent=5394"}],"wp:term":[{"taxonomy":"category","embeddable":true,"href":"https:\/\/www.radiopresidenteibanez.cl\/web\/wp-json\/wp\/v2\/categories?post=5394"},{"taxonomy":"post_tag","embeddable":true,"href":"https:\/\/www.radiopresidenteibanez.cl\/web\/wp-json\/wp\/v2\/tags?post=5394"}],"curies":[{"name":"wp","href":"https:\/\/api.w.org\/{rel}","templated":true}]}}