{"id":53922,"date":"2025-01-27T08:42:16","date_gmt":"2025-01-27T11:42:16","guid":{"rendered":"https:\/\/www.radiopresidenteibanez.cl\/web\/?p=53922"},"modified":"2025-01-27T08:42:23","modified_gmt":"2025-01-27T11:42:23","slug":"clemencia-senor-presidente","status":"publish","type":"post","link":"https:\/\/www.radiopresidenteibanez.cl\/web\/clemencia-senor-presidente\/","title":{"rendered":"CLEMENCIA SE\u00d1OR PRESIDENTE"},"content":{"rendered":"\n<p>El martes reci\u00e9n pasado en su segundo d\u00eda como mandatario de los Estados Unidos, el<br>presidente Donald Trump asisti\u00f3 junto a su familia, miembros de su gobierno, esposas, y las m\u00e1s<br>altas autoridades de la naci\u00f3n al servicio de oraci\u00f3n en la Catedral Nacional de Washington. Un<br>servicio religioso tradicional en la democracia del pa\u00eds del norte, que se ha efectuado otras diez<br>veces anteriores en el templo de la iglesia episcopal. El serm\u00f3n fue dirigido por la obispa Mariann<br>Edgar Bude, primera mujer en estar al frente de la Di\u00f3cesis Episcopal de Washington DC, a cuya<br>cabeza est\u00e1 desde 2011. El serm\u00f3n como es usual dur\u00f3 unos quince minutos, en sus \u00faltimos cuatro minutos, la obispa Mariann Bude, fij\u00f3 su mirada en el presidente Trump, y habl\u00e1ndole directamente, le hizo un ferviente llamado, implorando que tuviera clemencia, con los millones de personas migrantes que residen en los Estados Unidos. Tambi\u00e9n rog\u00f3 piedad por las personas que integran las minor\u00edas sexuales. \u201cEn el nombre de Dios, le pido que tenga misericordia con gente en nuestro pa\u00eds que tiene miedo ahora\u00bb. \u00abGente que recoge las cosechas, que limpia nuestras oficinas. Que trabajan en granjas y en empacadoras de carne. Que lavan la loza luego de que comemos en<br>restaurantes. Y que trabajan en turnos nocturnos en hospitales\u00bb. \u00abPodr\u00e1n no ser ciudadanos, o tener la documentaci\u00f3n apropiada. Pero la vasta mayor\u00eda de los migrantes no son criminales. Ellos pagan impuestos, son nuestros vecinos, son fieles miembros de nuestras iglesias, mezquitas, sinagogas y templos\u201d. Esta tranquila y serena oraci\u00f3n, fue motivada por las numerosas \u201c\u00f3rdenes ejecutivas\u201d, firmadas en las horas previas por el presidente Trump, que, entre otras, priva de nacionalidad a los hijos e hijas de migrantes irregulares, nacidos en territorio estadounidense. Y ordena deportaciones masivas de poblaci\u00f3n migrante en condici\u00f3n irregular. Las palabras del serm\u00f3n, tuvieron una r\u00e1pida reacci\u00f3n de Trump, quien a trav\u00e9s de su cuenta en la red social X, sostuvo que el serm\u00f3n no hab\u00eda sido para nada emocionante, que la obispa era una radical de izquierda que odiaba a Trump, y que hab\u00eda hecho mal su trabajo. Algunos de sus colaboradores, sugirieron incluso que la obispa podr\u00eda ser deportada, aunque ella tiene nacionalidad estadounidense.<br>A miles de kms hacia el sur del continente, vivimos una explosi\u00f3n de crimen y delincuencia sin<br>precedentes, asociada a organizaciones criminales dedicadas al tr\u00e1fico de drogas, a los secuestros y al tr\u00e1fico de personas. Nada parece m\u00e1s apropiado para enfrentar esta amenaza a nuestra<br>convivencia, que ofrecer medidas extremas de fuerza, expulsiones masivas de migrantes irregulares, o el cierre de fronteras. Pero al igual que el gran vecino del norte, la realidad es m\u00e1s compleja.<br>Tambi\u00e9n en nuestro pa\u00eds, existe un segmento importante de personas migrantes, incorporadas a la<br>estructura productiva del pa\u00eds. En los Estados Unidos desde hace d\u00e9cadas de las cosechas de<br>temporada de los estados del sur, las realizan trabajadores migrantes. Muchos de ellos en condici\u00f3n irregular, ya que son conducidos a trav\u00e9s de la frontera, s\u00f3lo para cumplir estas labores agr\u00edcolas, Su<br>condici\u00f3n irregular, favorece un valor hora de trabajo muy inferior al que exigir\u00eda un trabajador<br>estadounidense. Y as\u00ed sucede en m\u00faltiples labores, como las que enumera la obispa Bude, la gente<br>que limpia oficinas, los que trabajan en frigor\u00edficos y mataderos, los que lavan la loza en<br>restaurantes, los que trabajan en turnos nocturnos en hospitales. El discurso simplista, que asocia la<br>condici\u00f3n migrante con la actividad delictiva, es el combustible con el que prosperan las alterativas<br>pol\u00edticas ultra conservadoras. La polarizaci\u00f3n del discurso pol\u00edtico ha fracturado en dos la sociedad<br>norteamericana, y el presidente Trump inicia su mandato, con un respaldo in\u00e9dito en ambas c\u00e1maras<br>del congreso, pero con el apoyo de s\u00f3lo el 50% del voto popular. Al igual que en su primer mandato,<br>resolvi\u00f3 que los Estados Unidos ya no formar\u00e1 parte de la OMS, y que se saldr\u00e1 del Acuerdo de<br>Par\u00eds sobre cambio clim\u00e1tico. Dos medidas que el presidente Biden, revirti\u00f3 una vez asumido. La<br>democracia m\u00e1s antigua del planeta, a lo lejos nos sirve de espejo. Pese al entusiasmo que produce<br>en un segmento de personas del mundo conservador, tambi\u00e9n existe en ese mismo sector, otras<br>personas que miran con distancia las pol\u00edticas de Trump. Cito por ejemplo al doctor Ma\u00f1alich, ex<\/p>\n\n\n\n<p>ministro de Salud del difunto presidente Pi\u00f1era, quien ha manifestado su rechazo enf\u00e1tico a la<br>designaci\u00f3n de un declarado anti vacunas como Robert Kennedy, en la secretar\u00eda de Salud. Dem\u00e1s<br>est\u00e1 decirlo, que para una econom\u00eda peque\u00f1a como la de nuestro pa\u00eds, cualquier atisbo de<br>proteccionismo en el pa\u00eds del norte, es una se\u00f1al de alerta. El crecimiento econ\u00f3mico de Chile, que<br>ha sido tan esquivo en los \u00faltimos diez a\u00f1os, depende de la apertura de mercados. Lo que se ha<br>conseguido con un trabajo de joyer\u00eda de los gobiernos de Frei, Ricardo Lagos y Michelle Bachelet,<br>donde se suscribieron los tratados de libre comercio que hoy permite a nuestras exportaciones<br>ingresar con arancel cero, al Asia pacifico, a la Uni\u00f3n Europea, y por cierto a am\u00e9rica del norte,<br>Estados Unidos, M\u00e9xico y Canad\u00e1.<br>Cuando se preparan en Chile, las candidaturas presidenciales para fines de a\u00f1o, es m\u00e1s urgente que<br>nunca, que se vuelva a centrar el debate, en los temas pa\u00eds, las ideas y propuestas que requieren de<br>acuerdos amplios. Durante la actual administraci\u00f3n, todo indica que se lograr\u00e1 por fin cerrar un<br>acuerdo transversal entre las fuerzas pol\u00edticas representadas en el Congreso. Tard\u00edamente<br>comprendi\u00f3 el ejecutivo que sacar adelante al menos una de sus reformas emblem\u00e1ticas, requerir\u00eda<br>hacer concesiones al adversario. El acuerdo conseguido en pensiones que se votar\u00e1 en sala del<br>senado hoy lunes, es un remedo de lo que contemplaba el proyecto original del gobierno. El cual<br>siempre se supo que carec\u00eda de votos, pero se dej\u00f3 pasar tres a\u00f1os de gobierno, librando<br>escaramuzas en los medios por parte de la cartera de trabajo y la asociaci\u00f3n de AFP. Se perdi\u00f3 un<br>tiempo valioso, que hoy ha faltado para analizar con detenci\u00f3n las indicaciones al proyecto original.<br>Aun as\u00ed, la reforma que se aprobar\u00e1, no deja contento a ning\u00fan sector, lo que algunos ven como una<br>virtud. Tambi\u00e9n puede ser una debilidad, que anticipa que el tema no va a quedar cerrado a<br>discusiones futuras, con un nuevo parlamento. No obstante, lo anterior, desde este espacio hemos<br>clamado durante a\u00f1os por el dialogo y el entendimiento, y este constituye un esfuerzo en esa l\u00ednea.<br>A destiempo, con torpezas y frases para el bronce, que, de lado y lado, torpedearon las<br>conversaciones, pero algo se avanz\u00f3. Es como el pago de la deuda hist\u00f3rica a los profesores,<br>anunciada con bombo y platillos por el ministro Cataldo. Pero en la pr\u00e1ctica es el abono de una suma<br>muy menor a lo adeudado. Una cifra simb\u00f3lica, que, para percibirla, obliga a los profesores renunciar<br>a sus demandas judiciales u otras acciones de cobro. Es una muestra m\u00e1s de que el discurso<br>maximalista, hace agua cuando se est\u00e1 en el gobierno. Se requiere gesti\u00f3n pues compa\u00f1ero. Y esa<br>asignatura parece que no todos la aprobaron.<br>Pero hay que ser positivos, ya se anuncia la construcci\u00f3n de nuevos programas de gobierno, nuevas<br>propuestas para buscar el apoyo ciudadano. El sector conservador cuenta desde hace un a\u00f1o al<br>menos, con una candidatura indiscutida, que, salvo una sorpresa por su extremo derecho, no debiera<br>impedir el avance de do\u00f1a Evelyn a la primera vuelta presidencial. Por el lado del progresismo, todo<br>es m\u00e1s farragoso, la participaci\u00f3n en la actual administraci\u00f3n, deja m\u00faltiples compromisos de<br>campa\u00f1a pendientes. Por lo que la confecci\u00f3n de cualquier programa futuro, debe pasar por un<br>sinceramiento a cargo de los equipos t\u00e9cnicos. El cable a tierra que es imprescindible, para<br>reconectar con los sue\u00f1os y tambi\u00e9n con los dolores de la gente. Lo \u00fanico cierto, es que la<br>presidencial de este a\u00f1o, se definir\u00e1 entre alternativas con experiencia de gobierno. Ya el pa\u00eds prob\u00f3 de las mieles de la pura y pr\u00edstina juventud, con los resultados a la vista. Un tercio seg\u00fan las<br>encuestas se mantendr\u00eda af\u00edn al presidente Boric, muy meritorio, atendidas las circunstancias, pero<br>insuficiente para fundar un nuevo gobierno.<br>Los desaf\u00edos del presente son m\u00faltiples y requieren mantener el incipiente dialogo que permiti\u00f3 el<br>avance de la reforma de pensiones. Ojal\u00e1 alcanzara el \u00edmpetu para cerrar la reforma al sistema<br>pol\u00edtico. La dispersi\u00f3n en m\u00e1s de 25 mini partidos impide articular acuerdos, y la existencia de<br>parlamentarios con micro votaciones, inhibe discusiones de fondo. As\u00ed como la reforma de pensiones deja en pie de guerra a No m\u00e1s AFP, a CENDA y a la Fundaci\u00f3n Sol. Si prospera la reforma pol\u00edtica, provocar\u00e1 el rechazo de los mini partidos y parlamentarios con votaciones enanas, que ya gozaron del man\u00e1 del poder y la influencia, y no lo quieren perder.<br>El impactante serm\u00f3n de la obispa Bude, nos inspira a pedir a quienes detentan el poder en Chile,<br>tengan clemencia, tengan piedad, por los millones de trabajadores y trabajadoras que luchan cada<br>d\u00eda por sus familias, sin saber si van a seguir teniendo trabajo, si van a poder llegar a sus casas, si<br>van a poder llegar a fin de mes. Ojal\u00e1 tengan clemencia, y le den un peque\u00f1o alivio a la gente,<br>dejando de lado las reyertas est\u00e9riles, y sigan construyendo un clima de di\u00e1logo que permita<br>destrabar las reformas que Chile necesita.<br>Ernesto Sep\u00falveda Tornero<\/p>\n\n\n\n<p><\/p>\n","protected":false},"excerpt":{"rendered":"<p>El martes reci\u00e9n pasado en su segundo d\u00eda como mandatario de los Estados Unidos, elpresidente Donald Trump asisti\u00f3 junto a su familia, miembros de su gobierno, esposas, y las m\u00e1saltas&#8230; <a class=\"read-more\" href=\"https:\/\/www.radiopresidenteibanez.cl\/web\/clemencia-senor-presidente\/\">Leer m\u00e1s<\/a><\/p>\n","protected":false},"author":2,"featured_media":53923,"comment_status":"closed","ping_status":"closed","sticky":false,"template":"","format":"standard","meta":{"footnotes":""},"categories":[1],"tags":[],"class_list":["post-53922","post","type-post","status-publish","format-standard","has-post-thumbnail","hentry","category-cronica"],"_links":{"self":[{"href":"https:\/\/www.radiopresidenteibanez.cl\/web\/wp-json\/wp\/v2\/posts\/53922","targetHints":{"allow":["GET"]}}],"collection":[{"href":"https:\/\/www.radiopresidenteibanez.cl\/web\/wp-json\/wp\/v2\/posts"}],"about":[{"href":"https:\/\/www.radiopresidenteibanez.cl\/web\/wp-json\/wp\/v2\/types\/post"}],"author":[{"embeddable":true,"href":"https:\/\/www.radiopresidenteibanez.cl\/web\/wp-json\/wp\/v2\/users\/2"}],"replies":[{"embeddable":true,"href":"https:\/\/www.radiopresidenteibanez.cl\/web\/wp-json\/wp\/v2\/comments?post=53922"}],"version-history":[{"count":0,"href":"https:\/\/www.radiopresidenteibanez.cl\/web\/wp-json\/wp\/v2\/posts\/53922\/revisions"}],"wp:featuredmedia":[{"embeddable":true,"href":"https:\/\/www.radiopresidenteibanez.cl\/web\/wp-json\/wp\/v2\/media\/53923"}],"wp:attachment":[{"href":"https:\/\/www.radiopresidenteibanez.cl\/web\/wp-json\/wp\/v2\/media?parent=53922"}],"wp:term":[{"taxonomy":"category","embeddable":true,"href":"https:\/\/www.radiopresidenteibanez.cl\/web\/wp-json\/wp\/v2\/categories?post=53922"},{"taxonomy":"post_tag","embeddable":true,"href":"https:\/\/www.radiopresidenteibanez.cl\/web\/wp-json\/wp\/v2\/tags?post=53922"}],"curies":[{"name":"wp","href":"https:\/\/api.w.org\/{rel}","templated":true}]}}