{"id":53920,"date":"2025-01-26T19:52:32","date_gmt":"2025-01-26T22:52:32","guid":{"rendered":"https:\/\/www.radiopresidenteibanez.cl\/web\/?p=53920"},"modified":"2025-01-26T19:52:37","modified_gmt":"2025-01-26T22:52:37","slug":"servinaut-informa-pronostico-regional-maritimo-21","status":"publish","type":"post","link":"https:\/\/www.radiopresidenteibanez.cl\/web\/servinaut-informa-pronostico-regional-maritimo-21\/","title":{"rendered":"SERVINAUT INFORMA: PRON\u00d3STICO REGIONAL MAR\u00cdTIMO"},"content":{"rendered":"\n<p>V\u00e1lido hasta 20:00 horas del lunes 27 de enero de 2025.<\/p>\n\n\n\n<p><a href=\"https:\/\/www.latercera.com\/autor\/oscar-guillermo-garreton\"><br><br><\/a><\/p>\n\n\n\n<p><\/p>\n\n\n\n<p><strong>ZONA SIETE (FARO SAN PEDRO A FARO EVANGELISTAS):<\/strong><\/p>\n\n\n\n<p>SITUACI\u00d3N SIN\u00d3PTICA: INESTABILIDAD POSTFRONTAL A FRONTAL.<\/p>\n\n\n\n<p>PRON\u00d3STICO: CUBIERTO, VIS 8\/6 KM CHUBASCOS\/LLUVIA, VTO NORWESTE 25\/30 NDS RACHAS 40 NDS, MAR GRUESA A MUY GRUESA (3.0\/5.0 MT) COMO MAR DE FONDO DEL WESTE.<\/p>\n\n\n\n<p><strong>ZONA OCHO (F.EVANGELISTAS A LAT 60 GDS SUR<\/strong>):<\/p>\n\n\n\n<p>SITUACI\u00d3N SIN\u00d3PTICA: FRONTAL A INESTABILIDAD POSTFRONTAL.<\/p>\n\n\n\n<p>&nbsp;PRON\u00d3STICO: (FARO EVANGELISTAS A LATITUD 56 GDS SUR): CUBIERTO, VIS 6\/8 KM LLUVIA\/CHUBASCOS, VTO NORWESTE 25\/35 NDS RACHAS 50 NDS, MAR GRUESA A MUY GRUESA (3.0\/5.0 MT) COMO MAR DE FONDO DEL W\/NW.<\/p>\n\n\n\n<p>&nbsp;(LATITUD 56 GDS SUR A LATITUD 60 GDS SUR): CUBIERTO, VIS 10 KM CHUBASCOS, VTO W\/NW 25\/30 NDS RACHAS 40 NDS, MAR GRUESA A MUY GRUESA (2.5\/5.0 MT) COMO MAR DE FONDO DEL W\/NW<\/p>\n\n\n\n<p><strong>ESTRECHO NELSON:<\/strong><\/p>\n\n\n\n<p>CUBIERTO, VIS 10\/8 KM CHUBASCOS\/LLUVIA, VTO NORWESTE 25\/30 NDS RACHAS 40 NDS, MAR GRUESA (2.5\/3.5 MT).<\/p>\n\n\n\n<p><strong>PUERTO NATALES:<\/strong><\/p>\n\n\n\n<p>NUBLADO A CUBIERTO, VIS 10\/8 KM CHUBASCOS, VTO NORWESTE 5\/10 NDS AUMENTANDO PM W\/NW 15\/20 NDS RACHAS 40 NDS, MAR LLANA AUMENTANDO PM MAR MAREJADILLA EN BAH\u00cdA.<\/p>\n\n\n\n<p>TEMPERATURA M\u00c1XIMA PROBABLE : 14.0 \u00baC.<\/p>\n\n\n\n<p><strong>PASO TAMAR<\/strong>:<\/p>\n\n\n\n<p>CUBIERTO, VIS 6\/8 KM LLUVIA\/CHUBASCOS, VTO NORWESTE 25\/30 NDS RACHAS 40 NDS, MAR MAREJADA A GRUESA (2.0\/3.0 MT).<\/p>\n\n\n\n<p><strong>FARO F\u00c9LIX A CABO FROWARD:<\/strong><\/p>\n\n\n\n<p>CUBIERTO, VIS 4\/8 KM LLUVIA AUMENTANDO 10 KM HACIA FROWARD, VTO NORWESTE 25\/30 NDS RACHAS 45 NDS DISMINUYENDO AL ESTE PASO LARGO 15\/25 NDS RACHAS 35 NDS, MAR MAREJADA (1.5\/2.5 MT) DISMINUYENDO HACIA FROWARD A MAREJADILLA (0.5\/1.2 MT).<\/p>\n\n\n\n<p><strong>CABO FROWARD A PUNTA DELGADA:<\/strong><\/p>\n\n\n\n<p>CUBIERTO OCASIONAL NUBLADO, VIS 10 KM CHUBASCOS, VTO NORWESTE 10\/15 NDS ROLANDO AL W\/NW 20\/25 NDS RACHAS 35 NDS, MAR MAREJADILLA A MAREJADA (0.5\/1.5 MT).<\/p>\n\n\n\n<p><strong>PUNTA ARENAS:<\/strong><\/p>\n\n\n\n<p>CUBIERTO A NUBLADO, VIS 10 KM CHUBASCOS, VTO NORWESTE 10\/15 NDS AUMENTANDO W\/NW 15\/20 NDS RACHAS 40 NDS, MAR RIZADA A MAREJADILLA EN BAH\u00cdA.<\/p>\n\n\n\n<p>TEMPERATURA M\u00c1XIMA PROBABLE : 13.0 \u00baC.<\/p>\n\n\n\n<p>INDICE RADIACI\u00d3N ULTRAVIOLETA : 8 MUY ALTO (FUENTE USACH).<\/p>\n\n\n\n<p><strong>PUNTA DELGADA A PUNTA DUNGENESS:<\/strong><\/p>\n\n\n\n<p>CUBIERTO OCASIONAL NUBLADO, VIS 10 KM CHUBASCOS, VTO W\/NW OCASIONAL W\/SW 15\/20 NDS AUMENTANDO PM 20\/25 NDS RACHAS 40 NDS, MAR MAREJADILLA A MAREJADA (1.0\/2.0 MT).<\/p>\n\n\n\n<p><strong>CANAL BRECKNOCK:<\/strong><\/p>\n\n\n\n<p>CUBIERTO, VIS 6\/8 KM LLUVIA\/CHUBASCOS, VTO NORWESTE 25\/30 NDS RACHAS 45 NDS, MAR MAREJADA A GRUESA (2.0\/3.0 MT) COMO MAR DE FONDO DEL WESTE.<\/p>\n\n\n\n<p><strong>TIMBALES A PUERTO NAVARINO:<\/strong><\/p>\n\n\n\n<p>CUBIERTO, VIS 8\/6 KM LLUVIA AUMENTANDO 10 KM HACIA PTO. NAVARINO, VTO NORWESTE 6\/12 NDS AUMENTANDO SECTOR TIMBALES 15\/20 NDS RACHAS 35 NDS, MAR MAREJADILLA A RIZADA (0.8\/0.5 MT).<\/p>\n\n\n\n<p><strong>PUERTO NAVARINO A ISLA NUEVA:<\/strong><\/p>\n\n\n\n<p>CUBIERTO OCASIONAL NUBLADO, VIS 10 KM CHUBASCOS, VTO NORWESTE 6\/12 NDS, AUMENTANDO HACIA I. NUEVA 10\/20 NDS RACHAS 30 NDS, MAR RIZADA A MAREJADILLA (0.2\/1.2 MT).<\/p>\n\n\n\n<p><strong>PUERTO WILLIAMS:<\/strong><\/p>\n\n\n\n<p>NUBLADO, VIS 10 KM CHUBASCOS AISLADOS, VTO S\/SW 2\/6 NDS ROLANDO PM W\/NW 6\/12 NDS RACHAS 22 NDS, MAR LLANA A RIZADA EN BAH\u00cdA.<\/p>\n\n\n\n<p><strong>BAH\u00cdA NASSAU A CABO DE HORNOS:<\/strong><\/p>\n\n\n\n<p>CUBIERTO A NUBLADO, VIS 10 KM CHUBASCOS, VTO NORWESTE 10\/15 NDS AUMENTANDO PM W\/NW 20\/25 NDS RACHAS 40 NDS, MAR MAREJADILLA A MAREJADA (0.8\/1.5 MT).<\/p>\n\n\n\n<p><strong>CABO DE HORNOS:<\/strong><\/p>\n\n\n\n<p>NUBLADO A CUBIERTO, VIS 10 KM CHUBASCOS, VTO NORWESTE 15\/20 NDS AUMENTANDO PM 30\/35 NDS RACHAS 50 NDS, MAR MAREJADA A GRUESA (1.5\/3.0 MT).<\/p>\n\n\n\n<p><strong><em>INFORMACI\u00d3N ELABORADA POR EL CENTRO METEOROL\u00d3GICO MAR\u00cdTIMO DE MAGALLANES<\/em><\/strong><\/p>\n","protected":false},"excerpt":{"rendered":"<p>V\u00e1lido hasta 20:00 horas del lunes 27 de enero de 2025. ZONA SIETE (FARO SAN PEDRO A FARO EVANGELISTAS): SITUACI\u00d3N SIN\u00d3PTICA: INESTABILIDAD POSTFRONTAL A FRONTAL. PRON\u00d3STICO: CUBIERTO, VIS 8\/6 KM&#8230; <a class=\"read-more\" href=\"https:\/\/www.radiopresidenteibanez.cl\/web\/servinaut-informa-pronostico-regional-maritimo-21\/\">Leer m\u00e1s<\/a><\/p>\n","protected":false},"author":2,"featured_media":53791,"comment_status":"closed","ping_status":"closed","sticky":false,"template":"","format":"standard","meta":{"footnotes":""},"categories":[1],"tags":[],"class_list":["post-53920","post","type-post","status-publish","format-standard","has-post-thumbnail","hentry","category-cronica"],"_links":{"self":[{"href":"https:\/\/www.radiopresidenteibanez.cl\/web\/wp-json\/wp\/v2\/posts\/53920","targetHints":{"allow":["GET"]}}],"collection":[{"href":"https:\/\/www.radiopresidenteibanez.cl\/web\/wp-json\/wp\/v2\/posts"}],"about":[{"href":"https:\/\/www.radiopresidenteibanez.cl\/web\/wp-json\/wp\/v2\/types\/post"}],"author":[{"embeddable":true,"href":"https:\/\/www.radiopresidenteibanez.cl\/web\/wp-json\/wp\/v2\/users\/2"}],"replies":[{"embeddable":true,"href":"https:\/\/www.radiopresidenteibanez.cl\/web\/wp-json\/wp\/v2\/comments?post=53920"}],"version-history":[{"count":0,"href":"https:\/\/www.radiopresidenteibanez.cl\/web\/wp-json\/wp\/v2\/posts\/53920\/revisions"}],"wp:featuredmedia":[{"embeddable":true,"href":"https:\/\/www.radiopresidenteibanez.cl\/web\/wp-json\/wp\/v2\/media\/53791"}],"wp:attachment":[{"href":"https:\/\/www.radiopresidenteibanez.cl\/web\/wp-json\/wp\/v2\/media?parent=53920"}],"wp:term":[{"taxonomy":"category","embeddable":true,"href":"https:\/\/www.radiopresidenteibanez.cl\/web\/wp-json\/wp\/v2\/categories?post=53920"},{"taxonomy":"post_tag","embeddable":true,"href":"https:\/\/www.radiopresidenteibanez.cl\/web\/wp-json\/wp\/v2\/tags?post=53920"}],"curies":[{"name":"wp","href":"https:\/\/api.w.org\/{rel}","templated":true}]}}