{"id":5391,"date":"2019-06-28T14:37:50","date_gmt":"2019-06-28T14:37:50","guid":{"rendered":"http:\/\/www.radiopresidenteibanez.cl\/web\/?p=5391"},"modified":"2019-06-28T14:38:30","modified_gmt":"2019-06-28T14:38:30","slug":"importante-avance-de-la-primera-etapa-de-la-costanera-norte-de-puerto-natales","status":"publish","type":"post","link":"https:\/\/www.radiopresidenteibanez.cl\/web\/importante-avance-de-la-primera-etapa-de-la-costanera-norte-de-puerto-natales\/","title":{"rendered":"IMPORTANTE AVANCE DE LA PRIMERA ETAPA DE LA COSTANERA NORTE DE PUERTO NATALES"},"content":{"rendered":"\n<p>Diversas autoridades comunales y\nregionales se dieron cita a las orillas del Canal Se\u00f1oret para realizar una\nvisita en terreno a la primera etapa de construcci\u00f3n de la Costanera Norte. El\nprincipal objetivo del encuentro fue inspeccionar y conocer el avance de las\nfaenas realizadas por la empresa a cargo de desarrollar esta emblem\u00e1tica obra\nde la ciudad.<\/p>\n\n\n\n<p>El plan de intervenci\u00f3n contempla\nuna inversi\u00f3n de mil 100 millones de pesos para mejorar la infraestructura\npeatonal y de esparcimiento, contando con un remozado mobiliario urbano y nuevo\ndise\u00f1o paisaj\u00edstico, mejorando m\u00e1s de 2 mil metros cuadrados entre la calle Manuel\nBulnes y Hermann Eberhard.&nbsp; <\/p>\n\n\n\n<p>La m\u00e1xima autoridad comunal, Fernando\nParedes Mansilla valor\u00f3 la presencia del Intendente Regional en esta importante\nobra. \u201cAqu\u00ed se est\u00e1 cumpliendo un sue\u00f1o de todos los habitantes de Natales, el\nrecuperar los espacios p\u00fablicos como una costanera, que es la costanera\nprincipal de Puerto Natales. Es un proyecto que va a beneficiar a toda la\ncomunidad, y si esto le hace bien al turismo, bienvenido, pero claramente\nembellecer, mejorar y recuperar un espacio p\u00fablico como el borde costero,\npotencia la actividad tur\u00edstica pero tambi\u00e9n beneficia a cada uno de los\nhabitantes de Puerto Natales\u201d.<\/p>\n\n\n\n<p>Por su parte, el Intendente de la\nRegi\u00f3n de Magallanes, Jos\u00e9 Fern\u00e1ndez D\u00fcbrock destac\u00f3 que esta obra va a dar un\nmayor realce a este sector tur\u00edstico de la ciudad, se\u00f1alando que hay un\ncompromiso por parte del gobierno para buscar financiamiento para las\nsiguientes etapas de la costanera. \u201cHay un compromiso del Ministerio de la Vivienda\nde aportar con una parte para continuar con las otras etapas, y despu\u00e9s tenemos\nque hablar con el Gobierno Regional para ir viendo c\u00f3mo podemos ir afrontando\nlo que falta\u201d, indic\u00f3. <\/p>\n\n\n\n<p>La primera etapa de la costanera lleva un 80% de avance que incluye aceras de hormig\u00f3n, soleras y ciclov\u00edas. La constructora a cargo se encuentra terminando las obras civiles para dar paso en septiembre a la \u00faltima parte del proyecto, mediante obras de hermoseamiento con la implantaci\u00f3n de jardiner\u00edas con arbustos, c\u00e9sped y especies florales, adem\u00e1s de luminarias ornamentales, mobiliario urbano, t\u00f3tem, se\u00f1alizaciones y demarcaciones de pavimento.<\/p>\n\n\n\n<figure class=\"wp-block-image\"><img loading=\"lazy\" decoding=\"async\" width=\"800\" height=\"450\" src=\"https:\/\/www.radiopresidenteibanez.cl\/web\/wp-content\/uploads\/2019\/06\/IMG-Visita-Costanera-norte-1.jpg\" alt=\"\" class=\"wp-image-5392\" srcset=\"https:\/\/www.radiopresidenteibanez.cl\/web\/wp-content\/uploads\/2019\/06\/IMG-Visita-Costanera-norte-1.jpg 800w, https:\/\/www.radiopresidenteibanez.cl\/web\/wp-content\/uploads\/2019\/06\/IMG-Visita-Costanera-norte-1-300x169.jpg 300w, https:\/\/www.radiopresidenteibanez.cl\/web\/wp-content\/uploads\/2019\/06\/IMG-Visita-Costanera-norte-1-768x432.jpg 768w\" sizes=\"auto, (max-width: 800px) 100vw, 800px\" \/><\/figure>\n","protected":false},"excerpt":{"rendered":"<p>Diversas autoridades comunales y regionales se dieron cita a las orillas del Canal Se\u00f1oret para realizar una visita en terreno a la primera etapa de construcci\u00f3n de la Costanera Norte&#8230;. <a class=\"read-more\" href=\"https:\/\/www.radiopresidenteibanez.cl\/web\/importante-avance-de-la-primera-etapa-de-la-costanera-norte-de-puerto-natales\/\">Leer m\u00e1s<\/a><\/p>\n","protected":false},"author":2,"featured_media":5392,"comment_status":"closed","ping_status":"closed","sticky":false,"template":"","format":"standard","meta":{"footnotes":""},"categories":[1],"tags":[],"class_list":["post-5391","post","type-post","status-publish","format-standard","has-post-thumbnail","hentry","category-cronica"],"_links":{"self":[{"href":"https:\/\/www.radiopresidenteibanez.cl\/web\/wp-json\/wp\/v2\/posts\/5391","targetHints":{"allow":["GET"]}}],"collection":[{"href":"https:\/\/www.radiopresidenteibanez.cl\/web\/wp-json\/wp\/v2\/posts"}],"about":[{"href":"https:\/\/www.radiopresidenteibanez.cl\/web\/wp-json\/wp\/v2\/types\/post"}],"author":[{"embeddable":true,"href":"https:\/\/www.radiopresidenteibanez.cl\/web\/wp-json\/wp\/v2\/users\/2"}],"replies":[{"embeddable":true,"href":"https:\/\/www.radiopresidenteibanez.cl\/web\/wp-json\/wp\/v2\/comments?post=5391"}],"version-history":[{"count":0,"href":"https:\/\/www.radiopresidenteibanez.cl\/web\/wp-json\/wp\/v2\/posts\/5391\/revisions"}],"wp:featuredmedia":[{"embeddable":true,"href":"https:\/\/www.radiopresidenteibanez.cl\/web\/wp-json\/wp\/v2\/media\/5392"}],"wp:attachment":[{"href":"https:\/\/www.radiopresidenteibanez.cl\/web\/wp-json\/wp\/v2\/media?parent=5391"}],"wp:term":[{"taxonomy":"category","embeddable":true,"href":"https:\/\/www.radiopresidenteibanez.cl\/web\/wp-json\/wp\/v2\/categories?post=5391"},{"taxonomy":"post_tag","embeddable":true,"href":"https:\/\/www.radiopresidenteibanez.cl\/web\/wp-json\/wp\/v2\/tags?post=5391"}],"curies":[{"name":"wp","href":"https:\/\/api.w.org\/{rel}","templated":true}]}}