{"id":53909,"date":"2025-01-24T15:14:00","date_gmt":"2025-01-24T18:14:00","guid":{"rendered":"https:\/\/www.radiopresidenteibanez.cl\/web\/?p=53909"},"modified":"2025-01-24T11:16:58","modified_gmt":"2025-01-24T14:16:58","slug":"transporte-privado-se-compromete-con-la-proteccion-de-los-bienes-patrimoniales","status":"publish","type":"post","link":"https:\/\/www.radiopresidenteibanez.cl\/web\/transporte-privado-se-compromete-con-la-proteccion-de-los-bienes-patrimoniales\/","title":{"rendered":"Transporte privado se compromete con la protecci\u00f3n de los bienes patrimoniales"},"content":{"rendered":"\n<p>Sensibilizar, promover acciones y elaborar estrategias conjuntas para la<br>protecci\u00f3n de los bienes culturales, fueron los objetivos de la cita convocada por<br>la Mesa Regional para la Prevenci\u00f3n del Tr\u00e1fico Il\u00edcito de Bienes Patrimoniales,<br>efectuada este jueves y a la que asistieron representantes del sector transporte<br>de Magallanes.<br>&nbsp;<br>Durante la cita, liderada por la seremi de las Culturas, las Artes y el Patrimonio,<br>Carolina Herrera y el Director Regional del Servicio del Patrimonio Cultural<br>(SERPAT), Pablo Quercia, actores claves del empresariado de medios de<br>locomoci\u00f3n reafirmaron su compromiso e inter\u00e9s por adherir a la campa\u00f1a de<br>protecci\u00f3n que lidera la Mesa desde el a\u00f1o 2018.<br>&nbsp;<br>\u201cNosotros como TABSA ya comprometimos, en esta misma instancia, poner a<br>disposici\u00f3n todos nuestros canales de comunicaci\u00f3n. Tenemos pantallas<br>informativas en todas nuestras embarcaciones, tambi\u00e9n contamos con sistemas<br>de entretenimiento abordo, donde podr\u00edamos insertar el material audiovisual y<br>afiches, tanto en las embarcaciones como puntos de venta, para poder dar el<br>mayor alcance posible a esta campa\u00f1a\u201d, coment\u00f3 Sebasti\u00e1n Timis, jefe de<br>Operaciones de Transbordadora Austral Broom S.A. (TABSA).<br>&nbsp;<br>La gerenta de Marketing de Aerov\u00edas DAP, Tania Pivcevic, valor\u00f3 la iniciativa y<br>comprometi\u00f3 la colaboraci\u00f3n de la empresa a\u00e9rea. \u201cHa sido una capacitaci\u00f3n<br>interesante para nosotros. Uno tambi\u00e9n desconoce la profundidad a la que puede<br>llegar esto, as\u00ed es que vamos a hacer la difusi\u00f3n correspondiente e intentar<br>tambi\u00e9n capacitar a nuestro personal y tener la informaci\u00f3n relevante en<br>nuestras oficinas para apoyar. Finalmente, todos tenemos que respaldar. Esta es<br>una tarea no solamente de los medios de transporte, sino que de toda la<br>comunidad\u201d, precis\u00f3.<br>&nbsp;<\/p>\n\n\n\n<p>Acciones de difusi\u00f3n en los medios de transporte, la instalaci\u00f3n de afiches y<br>piezas gr\u00e1ficas en las salas de pasajeros y terminales, m\u00e1s la implementaci\u00f3n<br>conjunta de gestiones que permitan reconocer, valorar y cuidar los objetos y<br>piezas de inter\u00e9s patrimonial, fueron los temas abordados durante el encuentro<br>con representantes de la industria que moviliza a nacionales y extranjeros por las<br>v\u00edas mar\u00edtimas, a\u00e9reas y terrestres de la Patagonia.<br>&nbsp;<br>\u201cLa Mesa para la Prevenci\u00f3n del Tr\u00e1fico Il\u00edcito de Bienes Patrimoniales est\u00e1<br>integrada por distintas instituciones que nos apoyan en la tarea de resguardar y<br>cuidar aquellas piezas y objetos que son parte de nuestra historia, cultura y<br>patrimonio. Sesiona durante el a\u00f1o y una de las acciones comprometidas para<br>esta temporada es la vinculaci\u00f3n con el mundo privado, con las empresas de<br>transporte en la regi\u00f3n. La idea es educar, capacitar y difundir para evitar que se<br>pierdan o se puedan fugar desde la regi\u00f3n nuestros bienes patrimoniales\u201d,<br>explic\u00f3 la seremi de las Culturas.<br>&nbsp;<br>Tania Pivcevic, de Aerov\u00edas DAP; Sebasti\u00e1n Timis, jefe de Operaciones TABSA, y<br>Francisco Kuschnir, jefe de base buses Hualp\u00e9n, participaron en esta reuni\u00f3n<br>efectuada en dependencias de la Delegaci\u00f3n Presidencial Regional de Magallanes<br>y que es la primera que la Mesa para la Prevenci\u00f3n del Tr\u00e1fico Il\u00edcito de Bienes<br>Patrimoniales realiza con el sector.<br>&nbsp;<br>Mesa&nbsp;Regional<br>Desde el a\u00f1o 2018 funciona en Magallanes la&nbsp;Mesa&nbsp;Regional para la Prevenci\u00f3n<br>del&nbsp;Tr\u00e1fico&nbsp;Il\u00edcito&nbsp;de Bienes Patrimoniales. Se trata de una instancia de<br>coordinaci\u00f3n interinstitucional presidida por la seremi de las Culturas las Artes y<br>el Patrimonio e integrada por las Delegaciones Presidenciales Regional de<br>Magallanes y las provinciales de la Ant\u00e1rtica Chilena, \u00daltima Esperanza y Tierra<br>del Fuego; el delegado del Ministerio de Relaciones Exteriores&nbsp;para las Regiones<br>de Magallanes y Ays\u00e9n; las Serem\u00edas de Justicia y DDHH, Medio Ambiente y Bienes<br>Nacionales; Fiscal Regional, Consejo de Defensa del Estado, V Divisi\u00f3n de<br>Ej\u00e9rcito, Subjefatura Zonal Magallanes Cuerpo Militar de Trabajo, Tercera Zona<br>Naval, Gobernaci\u00f3n Mar\u00edtima, Carabineros, Polic\u00eda de Investigaciones, SAG,<br>CONAF, Aduana, DGAC, Servicio Nacional de Pesca, Servicio Nacional del<br>Turismo, Instituto Nacional Ant\u00e1rtico Chileno e&nbsp;Instituto de la Patagonia UMAG.<br>La secretar\u00eda t\u00e9cnica es ejercida por el Museo Regional de Magallanes y la Oficina<br>T\u00e9cnica Regional Consejo Monumentos Nacionales del SERPAT.<br>&nbsp;<br>El patrimonio arqueol\u00f3gico y paleontol\u00f3gico se encuentra protegido a nivel<br>nacional por el solo ministerio de la Ley 17.288 de Monumentos Nacionales. En el<\/p>\n\n\n\n<p>\u00e1mbito internacional, Chile suscribi\u00f3 en 2013, gracias al trabajo impulsado desde<br>la&nbsp;Mesa&nbsp;Nacional de Lucha contra el&nbsp;Tr\u00e1fico&nbsp;Il\u00edcito&nbsp;de Bienes Patrimoniales,&nbsp;la<br>\u201cConvenci\u00f3n sobre las Medidas que deben adoptarse para prohibir e impedir la<br>Importaci\u00f3n, la Exportaci\u00f3n y la Transferencia de Propiedad Il\u00edcitas de Bienes<br>Culturales\u201d de la Unesco, Par\u00eds-1970. Este instrumento jur\u00eddico, dedicado a la<br>lucha contra el&nbsp;tr\u00e1fico&nbsp;il\u00edcito&nbsp;de bienes culturales, entiende por&nbsp;tr\u00e1fico&nbsp;il\u00edcito&nbsp;de<br>bienes patrimoniales, la apropiaci\u00f3n indebida, robo, hurto y receptaci\u00f3n, as\u00ed<br>como la importaci\u00f3n y exportaci\u00f3n ilegal de bienes patrimoniales, que<br>contravienen la legislaci\u00f3n y causan da\u00f1o irreparable a la memoria y el legado de<br>un pa\u00eds.<br>&nbsp;<br>M\u00e1s informaci\u00f3n sobre el tr\u00e1fico il\u00edcito de bienes patrimoniales en:<br>www.traficoilicito.cl<\/p>\n","protected":false},"excerpt":{"rendered":"<p>Sensibilizar, promover acciones y elaborar estrategias conjuntas para laprotecci\u00f3n de los bienes culturales, fueron los objetivos de la cita convocada porla Mesa Regional para la Prevenci\u00f3n del Tr\u00e1fico Il\u00edcito de&#8230; <a class=\"read-more\" href=\"https:\/\/www.radiopresidenteibanez.cl\/web\/transporte-privado-se-compromete-con-la-proteccion-de-los-bienes-patrimoniales\/\">Leer m\u00e1s<\/a><\/p>\n","protected":false},"author":2,"featured_media":53910,"comment_status":"closed","ping_status":"closed","sticky":false,"template":"","format":"standard","meta":{"footnotes":""},"categories":[1],"tags":[],"class_list":["post-53909","post","type-post","status-publish","format-standard","has-post-thumbnail","hentry","category-cronica"],"_links":{"self":[{"href":"https:\/\/www.radiopresidenteibanez.cl\/web\/wp-json\/wp\/v2\/posts\/53909","targetHints":{"allow":["GET"]}}],"collection":[{"href":"https:\/\/www.radiopresidenteibanez.cl\/web\/wp-json\/wp\/v2\/posts"}],"about":[{"href":"https:\/\/www.radiopresidenteibanez.cl\/web\/wp-json\/wp\/v2\/types\/post"}],"author":[{"embeddable":true,"href":"https:\/\/www.radiopresidenteibanez.cl\/web\/wp-json\/wp\/v2\/users\/2"}],"replies":[{"embeddable":true,"href":"https:\/\/www.radiopresidenteibanez.cl\/web\/wp-json\/wp\/v2\/comments?post=53909"}],"version-history":[{"count":0,"href":"https:\/\/www.radiopresidenteibanez.cl\/web\/wp-json\/wp\/v2\/posts\/53909\/revisions"}],"wp:featuredmedia":[{"embeddable":true,"href":"https:\/\/www.radiopresidenteibanez.cl\/web\/wp-json\/wp\/v2\/media\/53910"}],"wp:attachment":[{"href":"https:\/\/www.radiopresidenteibanez.cl\/web\/wp-json\/wp\/v2\/media?parent=53909"}],"wp:term":[{"taxonomy":"category","embeddable":true,"href":"https:\/\/www.radiopresidenteibanez.cl\/web\/wp-json\/wp\/v2\/categories?post=53909"},{"taxonomy":"post_tag","embeddable":true,"href":"https:\/\/www.radiopresidenteibanez.cl\/web\/wp-json\/wp\/v2\/tags?post=53909"}],"curies":[{"name":"wp","href":"https:\/\/api.w.org\/{rel}","templated":true}]}}