{"id":5388,"date":"2019-06-27T21:36:09","date_gmt":"2019-06-27T21:36:09","guid":{"rendered":"http:\/\/www.radiopresidenteibanez.cl\/web\/?p=5388"},"modified":"2019-06-27T21:36:43","modified_gmt":"2019-06-27T21:36:43","slug":"subsecretario-de-obras-publicas-anuncia-plan-de-inversion-en-infraestructura-por-us-580-millones-para-la-region-de-magallanes","status":"publish","type":"post","link":"https:\/\/www.radiopresidenteibanez.cl\/web\/subsecretario-de-obras-publicas-anuncia-plan-de-inversion-en-infraestructura-por-us-580-millones-para-la-region-de-magallanes\/","title":{"rendered":"SUBSECRETARIO DE OBRAS P\u00daBLICAS ANUNCIA PLAN DE INVERSI\u00d3N EN  INFRAESTRUCTURA POR US$ 580 MILLONES PARA LA REGI\u00d3N DE MAGALLANES"},"content":{"rendered":"\n<p>El\nSubsecretario de Obras P\u00fablicas, Lucas Palacios, junto al Subsecretario de\nHacienda, Francisco Moreno, y&nbsp;el Intendente Jos\u00e9 Fern\u00e1ndez,&nbsp;dieron a conocer esta ma\u00f1ana en Punta\nArenas, el detalle regional del Plan de Inversiones anunciado por el Gobierno,\npara el per\u00edodo 2018-2022. <\/p>\n\n\n\n<p>Se\ntrata de un plan de acci\u00f3n para fortalecer la marcha de la econom\u00eda chilena, presentado\npor el Presidente Sebasti\u00e1n Pi\u00f1era, cuyos compromisos son duplicar la capacidad\nde crecimiento; crear m\u00e1s de 600 mil nuevos empleos y mejorar los salarios;\ncrear 400 mil nuevas empresas y emprendedores; recuperar y hacer crecer la inversi\u00f3n,\nla productividad, la innovaci\u00f3n y el emprendimiento.<\/p>\n\n\n\n<p>En este marco el Subsecretario de\nObras P\u00fablicas, anunci\u00f3 que en la Regi\u00f3n de Magallanes se invertir\u00e1n US$ 580 millones, lo que equivale a US$\n3.400 invertidos por cada habitante, una de las cifras m\u00e1s altas a nivel\nnacional. <\/p>\n\n\n\n<p>Esta millonaria inversi\u00f3n se materializa en un\nper\u00edodo de cuatro a\u00f1os, destin\u00e1ndose el 60 por ciento de los recursos asignados\na ampliar la conectividad de la regi\u00f3n.<\/p>\n\n\n\n<p>\u201cTenemos un plan de inversi\u00f3n extraordinariamente\nambicioso e hist\u00f3rico. Consiste en US$ 580 millones en nuestro periodo de\nGobierno, de lo cual un 60% corresponde a obras de Vialidad, ya que esta regi\u00f3n\nnecesita mejorar su vialidad, llenarlo de caminos hacia los sectores m\u00e1s\nalejados, mejorar la conectividad y finalmente terminar con la ruta del fuego\ncompleta\u201d, se\u00f1al\u00f3 Lucas Palacios<\/p>\n\n\n\n<p>Entre los proyectos que se ejecutan destacan la pavimentaci\u00f3n\nde la ruta costera hacia el aer\u00f3dromo de Puerto Williams, y la reposici\u00f3n del\npuente sobre el r\u00edo Ukika, las cuales finalizar\u00edan este a\u00f1o, y los trabajos de\nreposici\u00f3n de la Ruta Y-905, Williams \u2013 Navarino. <\/p>\n\n\n\n<p>En\nel caso de la Construcci\u00f3n de Infraestructura Portuaria en Puerto Navarino, a\nfines de 2018 se inici\u00f3 el contrato, y se estima que esta iniciativa finalice\nel a\u00f1o 2020.<\/p>\n\n\n\n<p>En\nTierra del Fuego, se desarrollaron los proyectos de mejoramiento de caminos en\nlas rutas que unen los puntos Porvenir \u2013 Manantiales y Onaissin \u2013 San\nSebasti\u00e1n. Para la primera de las rutas durante el primer semestre de 2018 se\nfinaliz\u00f3 la construcci\u00f3n de los 10 km de un total de 65 km que se encuentran en\nplena ejecuci\u00f3n. Asimismo, finaliz\u00f3 este mes el contrato de pavimentaci\u00f3n entre\nel sector de Onaissin y el paso fronterizo de San Sebasti\u00e1n, obra que fue\ninaugurada en la presente jornada.<\/p>\n\n\n\n<p>Por\notra parte, la Direcci\u00f3n de Vialidad ejecuta la reposici\u00f3n del puente sobre el\nR\u00edo Grande y sus accesos, lo cual favorecer\u00e1 la seguridad vial y conectividad\nhacia el sur de la isla.&nbsp; En tanto, este\na\u00f1o finaliza la construcci\u00f3n del camino de penetraci\u00f3n Hollemberg \u2013 R\u00edo P\u00e9rez\nen la Provincia de \u00daltima Esperanza.<\/p>\n\n\n\n<p>En\ncuanto al mejoramiento de v\u00edas existentes, se desarrollan obras en la ruta\nY-290 desde la Ruta 9 Norte hasta la Cueva Milod\u00f3n, contrato que finaliza el\na\u00f1o 2020. <\/p>\n\n\n\n<p>Continuando\ncon la conectividad, el Subsecretario MOP agreg\u00f3 que: \u201cPor primera vez en la\nhistoria se va a licitar este a\u00f1o el estudio b\u00e1sico que nos va a permitir ver\nqu\u00e9 se necesita definitivamente para conectar Puerto Natales con Puerto\nYungay\u201d.<\/p>\n\n\n\n<p>En\nmateria del sector de la pesca artesanal, el MOP inici\u00f3 el mejoramiento y\nampliaci\u00f3n del varadero en la Caleta Barranco Amarillo de Punta Arenas. <\/p>\n\n\n\n<p>El\nsegundo semestre del presente a\u00f1o, en tanto, se licitar\u00e1 la segunda etapa de\nlas obras de control sedimentol\u00f3gico del R\u00edo Las Minas, ejecut\u00e1ndose adem\u00e1s la\nconstrucci\u00f3n de muros de contenci\u00f3n en ambas riberas, solo quedando por concluir\nun \u00faltimo tramo. <\/p>\n\n\n\n<p>Durante\neste a\u00f1o se dar\u00e1 inicio igualmente a la construcci\u00f3n del camino entre Caleta\nEugenia y Puerto Toro, en una longitud de 10 km de un total de 35 km. <\/p>\n\n\n\n<p>As\u00ed\ntambi\u00e9n se dar\u00e1 continuidad al camino Hollemberg \u2013 R\u00edo P\u00e9rez en un nuevo tramo\nde 22 km. Al concluir esta etapa restar\u00edan unos 15 km para finalmente unir\nPuerto Natales y R\u00edo Verde como una alternativa a la Ruta 9. <\/p>\n\n\n\n<p>Entre\notras iniciativas, se considera igualmente la licitaci\u00f3n del proyecto\nConstrucci\u00f3n Infraestructura Portuaria Multiprop\u00f3sito en Puerto Williams, que\nconllevar\u00e1 la construcci\u00f3n de un muelle para naves de hasta 124 m de\neslora.&nbsp; Asimismo se inici\u00f3 la\nconstrucci\u00f3n del Cuartel de Salvamento y Extinci\u00f3n de Incendios en el aer\u00f3dromo\nTeniente Marsh en Isla Rey Jorge y se considera su t\u00e9rmino para el a\u00f1o 2020. <\/p>\n\n\n\n<p>De esta forma, el Subsecretario de Obras P\u00fablicas Lucas Palacios, finaliz\u00f3 la jornada se\u00f1alando que: \u201cTenemos un plan de inversiones absolutamente robusto que va a generar alrededor de 8.700 empleos directos e indirectos durante su ejecuci\u00f3n. Esto es importante porque la gente necesita trabajo, nuestra econom\u00eda necesita salir adelante y necesitamos dotar de mayores herramientas productivas a Magallanes y eso es lo que nos ha instruido el Presidente Pi\u00f1era. Este plan de inversiones lo estamos llevando a cabo en todo el pa\u00eds, pero Magallanes en conjunto con Ays\u00e9n son los que se llevan la mayor inversi\u00f3n per c\u00e1pita. As\u00ed que estamos contentos y lo que le pedimos a la ciudadan\u00eda es que conf\u00ede en nosotros porque estamos haciendo aquello que no se hizo durante d\u00e9cadas, que es devolverle la capacidad de crecimiento fuerte a la Regi\u00f3n de Magallanes\u201d.<\/p>\n\n\n\n<figure class=\"wp-block-image\"><img loading=\"lazy\" decoding=\"async\" width=\"1024\" height=\"681\" src=\"https:\/\/www.radiopresidenteibanez.cl\/web\/wp-content\/uploads\/2019\/06\/subse-gabinete-regional-1024x681.jpeg\" alt=\"\" class=\"wp-image-5389\" srcset=\"https:\/\/www.radiopresidenteibanez.cl\/web\/wp-content\/uploads\/2019\/06\/subse-gabinete-regional-1024x681.jpeg 1024w, https:\/\/www.radiopresidenteibanez.cl\/web\/wp-content\/uploads\/2019\/06\/subse-gabinete-regional-300x199.jpeg 300w, https:\/\/www.radiopresidenteibanez.cl\/web\/wp-content\/uploads\/2019\/06\/subse-gabinete-regional-768x511.jpeg 768w, https:\/\/www.radiopresidenteibanez.cl\/web\/wp-content\/uploads\/2019\/06\/subse-gabinete-regional.jpeg 1280w\" sizes=\"auto, (max-width: 1024px) 100vw, 1024px\" \/><\/figure>\n","protected":false},"excerpt":{"rendered":"<p>El Subsecretario de Obras P\u00fablicas, Lucas Palacios, junto al Subsecretario de Hacienda, Francisco Moreno, y&nbsp;el Intendente Jos\u00e9 Fern\u00e1ndez,&nbsp;dieron a conocer esta ma\u00f1ana en Punta Arenas, el detalle regional del Plan&#8230; <a class=\"read-more\" href=\"https:\/\/www.radiopresidenteibanez.cl\/web\/subsecretario-de-obras-publicas-anuncia-plan-de-inversion-en-infraestructura-por-us-580-millones-para-la-region-de-magallanes\/\">Leer m\u00e1s<\/a><\/p>\n","protected":false},"author":2,"featured_media":5389,"comment_status":"closed","ping_status":"closed","sticky":false,"template":"","format":"standard","meta":{"footnotes":""},"categories":[1],"tags":[],"class_list":["post-5388","post","type-post","status-publish","format-standard","has-post-thumbnail","hentry","category-cronica"],"_links":{"self":[{"href":"https:\/\/www.radiopresidenteibanez.cl\/web\/wp-json\/wp\/v2\/posts\/5388","targetHints":{"allow":["GET"]}}],"collection":[{"href":"https:\/\/www.radiopresidenteibanez.cl\/web\/wp-json\/wp\/v2\/posts"}],"about":[{"href":"https:\/\/www.radiopresidenteibanez.cl\/web\/wp-json\/wp\/v2\/types\/post"}],"author":[{"embeddable":true,"href":"https:\/\/www.radiopresidenteibanez.cl\/web\/wp-json\/wp\/v2\/users\/2"}],"replies":[{"embeddable":true,"href":"https:\/\/www.radiopresidenteibanez.cl\/web\/wp-json\/wp\/v2\/comments?post=5388"}],"version-history":[{"count":0,"href":"https:\/\/www.radiopresidenteibanez.cl\/web\/wp-json\/wp\/v2\/posts\/5388\/revisions"}],"wp:featuredmedia":[{"embeddable":true,"href":"https:\/\/www.radiopresidenteibanez.cl\/web\/wp-json\/wp\/v2\/media\/5389"}],"wp:attachment":[{"href":"https:\/\/www.radiopresidenteibanez.cl\/web\/wp-json\/wp\/v2\/media?parent=5388"}],"wp:term":[{"taxonomy":"category","embeddable":true,"href":"https:\/\/www.radiopresidenteibanez.cl\/web\/wp-json\/wp\/v2\/categories?post=5388"},{"taxonomy":"post_tag","embeddable":true,"href":"https:\/\/www.radiopresidenteibanez.cl\/web\/wp-json\/wp\/v2\/tags?post=5388"}],"curies":[{"name":"wp","href":"https:\/\/api.w.org\/{rel}","templated":true}]}}