{"id":53874,"date":"2025-01-23T14:18:00","date_gmt":"2025-01-23T17:18:00","guid":{"rendered":"https:\/\/www.radiopresidenteibanez.cl\/web\/?p=53874"},"modified":"2025-01-23T11:20:08","modified_gmt":"2025-01-23T14:20:08","slug":"y-aprenda-alguna-de-tus-frases-de-memoria-para-decir-sere-como-el-sin-conocerte-canta-vicente-feliu","status":"publish","type":"post","link":"https:\/\/www.radiopresidenteibanez.cl\/web\/y-aprenda-alguna-de-tus-frases-de-memoria-para-decir-sere-como-el-sin-conocerte-canta-vicente-feliu\/","title":{"rendered":"y aprenda alguna de tus frases de memoria para decir \u00abser\u00e9 como \u00e9l\u00bb sin conocerte..\u00bb canta Vicente Feliu"},"content":{"rendered":"\n<p>\u00bfDeben o no funcionar regularmente las organizaciones sindicales de grado medio y superior durante enero y febrero, los dos primeros meses del a\u00f1o que se supone est\u00e1n destinados a las vacaciones?<br>Antes de responder aclaremos algo.<br>No son un derecho irrenunciable las vacaciones durante los meses de verano, depender\u00e1 siempre \u00abde las necesidades del servicio\u00bb seg\u00fan establece la ley.<br>Es m\u00e1s, si usted ingres\u00f3 a trabajar entre abril y noviembre, probablemente nunca pueda disfrutar sus vacaciones en verano pues est\u00e1s se otorgan una vez cumplido un a\u00f1o de trabajo.<\/p>\n\n\n\n<p>2.- Bueno, vamos a la pregunta que nos convoca.<br>Ciertamente que deber\u00edan trabajar a capacidad plena, tomando resguardos para el descanso de funcionarios y dirigentes, pero nunca cerrar sus puertas.<br>A\u00f1o tras a\u00f1o vemos sedes sindicales con candado o avisos de cierre temporal y eso no se condice con nuestra obligaci\u00f3n clasista de apoyar siempre a los trabajadores.<br>Nosotros al menos hemos establecido un horario de verano de 12.00 a 19 horas de lunes a viernes, manteniendo a disposici\u00f3n salones para el fin de semana por urgencias.<br>Adem\u00e1s habilitamos dos celulares para consultas permanentes.<br>El trabajo sindical jam\u00e1s se detiene, decimos en la CGT.<\/p>\n","protected":false},"excerpt":{"rendered":"<p>\u00bfDeben o no funcionar regularmente las organizaciones sindicales de grado medio y superior durante enero y febrero, los dos primeros meses del a\u00f1o que se supone est\u00e1n destinados a las&#8230; <a class=\"read-more\" href=\"https:\/\/www.radiopresidenteibanez.cl\/web\/y-aprenda-alguna-de-tus-frases-de-memoria-para-decir-sere-como-el-sin-conocerte-canta-vicente-feliu\/\">Leer m\u00e1s<\/a><\/p>\n","protected":false},"author":2,"featured_media":53875,"comment_status":"closed","ping_status":"closed","sticky":false,"template":"","format":"standard","meta":{"footnotes":""},"categories":[1],"tags":[],"class_list":["post-53874","post","type-post","status-publish","format-standard","has-post-thumbnail","hentry","category-cronica"],"_links":{"self":[{"href":"https:\/\/www.radiopresidenteibanez.cl\/web\/wp-json\/wp\/v2\/posts\/53874","targetHints":{"allow":["GET"]}}],"collection":[{"href":"https:\/\/www.radiopresidenteibanez.cl\/web\/wp-json\/wp\/v2\/posts"}],"about":[{"href":"https:\/\/www.radiopresidenteibanez.cl\/web\/wp-json\/wp\/v2\/types\/post"}],"author":[{"embeddable":true,"href":"https:\/\/www.radiopresidenteibanez.cl\/web\/wp-json\/wp\/v2\/users\/2"}],"replies":[{"embeddable":true,"href":"https:\/\/www.radiopresidenteibanez.cl\/web\/wp-json\/wp\/v2\/comments?post=53874"}],"version-history":[{"count":0,"href":"https:\/\/www.radiopresidenteibanez.cl\/web\/wp-json\/wp\/v2\/posts\/53874\/revisions"}],"wp:featuredmedia":[{"embeddable":true,"href":"https:\/\/www.radiopresidenteibanez.cl\/web\/wp-json\/wp\/v2\/media\/53875"}],"wp:attachment":[{"href":"https:\/\/www.radiopresidenteibanez.cl\/web\/wp-json\/wp\/v2\/media?parent=53874"}],"wp:term":[{"taxonomy":"category","embeddable":true,"href":"https:\/\/www.radiopresidenteibanez.cl\/web\/wp-json\/wp\/v2\/categories?post=53874"},{"taxonomy":"post_tag","embeddable":true,"href":"https:\/\/www.radiopresidenteibanez.cl\/web\/wp-json\/wp\/v2\/tags?post=53874"}],"curies":[{"name":"wp","href":"https:\/\/api.w.org\/{rel}","templated":true}]}}