{"id":53868,"date":"2025-01-23T11:19:00","date_gmt":"2025-01-23T14:19:00","guid":{"rendered":"https:\/\/www.radiopresidenteibanez.cl\/web\/?p=53868"},"modified":"2025-01-23T10:31:07","modified_gmt":"2025-01-23T13:31:07","slug":"ante-aumento-de-pasajeros-ingresando-al-pais-sag-reitera-llamado-a-anticipar-tramite-de-declaracion-jurada-conjunta","status":"publish","type":"post","link":"https:\/\/www.radiopresidenteibanez.cl\/web\/ante-aumento-de-pasajeros-ingresando-al-pais-sag-reitera-llamado-a-anticipar-tramite-de-declaracion-jurada-conjunta\/","title":{"rendered":"Ante aumento de pasajeros ingresando al pa\u00eds, SAG reitera llamado a anticipar tr\u00e1mite de Declaraci\u00f3n Jurada Conjunta"},"content":{"rendered":"\n<p>Durante lo que va del a\u00f1o 2025, hasta el 20 de enero, el Servicio Agr\u00edcola y Ganadero de la regi\u00f3n de Magallanes ha inspeccionado m\u00e1s de 93.500 pasajeros\/as que han ingresado por los 14 controles fronterizos mar\u00edtimos, a\u00e9reos y terrestres existentes en la regi\u00f3n.<\/p>\n\n\n\n<p>Este importante volumen de inspecciones realizadas durante la primera quincena de 2025, se espera que aumente exponencialmente durante lo que resta de la \u00e9poca estival, en atenci\u00f3n a las 130 recaladas de cruceros programadas para la temporada y que, a la fecha, ya bordea los 5.500 pasajeros\/as inspeccionados\/as por el Servicio. A esto se suma la recepci\u00f3n de aeronaves que se realiza a ch\u00e1rteres tur\u00edsticos provenientes de la Ant\u00e1rtica y a aquellos en tr\u00e1nsito desde Islas Malvinas, los que superan los 800 pasajeros\/as ingresados\/as e inspeccionados\/as. En cuanto a controles fronterizos terrestres, Integraci\u00f3n Austral, en la provincia de Magallanes; San Sebasti\u00e1n y Bellavista, en la insular Tierra del Fuego; y en los controles terrestres de la provincia de \u00daltima Esperanza:&nbsp; R\u00edo don Guillermo, Casas Viejas y Cerro Dorotea, la inspecci\u00f3n ha alcanzado a m\u00e1s de 87.000 usuarios\/as que han ingresado a el pa\u00eds, destacando el control Cerro Dorotea, cuya caracter\u00edstica de paso vecinal, por la cercan\u00eda entre las localidades chilena de Puerto Natales y la trasandina R\u00edo Turbio, supera el promedio de m\u00e1s de 1.000 pasajeros\/as inspeccionados al d\u00eda.<\/p>\n\n\n\n<p>Por ello, y para evitar multas y\/o demoras en el ingreso al pa\u00eds, desde la direcci\u00f3n regional de SAG Magallanes reiteran el llamado a quienes ingresan al pa\u00eds a adelantar el tr\u00e1mite de Declaraci\u00f3n Jurada que deben realizar todas las personas mayores de 18 a\u00f1os utilizando alguna de las herramientas digitales de la instituci\u00f3n, a fin de agilizar el tr\u00e1mite, evitando eventuales problemas de conectividad a internet que puede haber en las fronteras por el alto flujo de usuarios, o la demora que puede significar completar un nuevo documento cuando este presenta errores en el llenado.<\/p>\n\n\n\n<p>En este sentido, precisaron que el Servicio dispone de un&nbsp;formulario digital, que no es necesario imprimir, al que se puede acceder hasta un d\u00eda antes de la llegada a Chile desde un dispositivo m\u00f3vil, a trav\u00e9s de&nbsp;<a href=\"http:\/\/www.ingresoachile.cl\/\" target=\"_blank\" rel=\"noreferrer noopener\">www.ingresoachile.cl<\/a>&nbsp;o escaneando los c\u00f3digos QR disponibles en los puntos de ingreso; a trav\u00e9s del tradicional formulario&nbsp;<em><a href=\"https:\/\/www.sag.cl\/sites\/default\/files\/dj_2016_editable_0.pdf\" target=\"_blank\" rel=\"noreferrer noopener\">Declaraci\u00f3n Jurada Conjunta ADUANA-SAG<\/a>,&nbsp;<\/em>que se encuentra en la web institucional en formato editable, pero que debe imprimirse previo al arribo al control fronterizo para ser presentado en papel. En ambos casos, y antes de completar, se recomienda leer el contenido con atenci\u00f3n, para informarse de los productos que debe declarar, y luego completar todos los campos del formulario.<\/p>\n\n\n\n<p>Christian von Moltke Cornils, encargado regional de control frontera de SAG Magallanes, explic\u00f3 que en lo que va del a\u00f1o, el volumen de intercepciones, alcanza los 1.540 kilos, y dentro de los principales productos interceptados en la regi\u00f3n, se encuentran productos c\u00e1rnicos, futas y verduras, legumbres y miel, entre otros.<\/p>\n\n\n\n<p>\u201cEs importante que la ciudadan\u00eda comprenda que los productos que son interceptados, son eventuales portadores de plagas o enfermedades que pueden afectar la sanidad animal y vegetal del pa\u00eds, y es por ello, que dichos productos son incinerados a fin de evitar la introducci\u00f3n de elementos que puedan da\u00f1ar la producci\u00f3n silvoagr\u00edcola y los recursos naturales del pa\u00eds. Ante la duda sobre si un producto de origen animal o vegetal, o incluso, si una artesan\u00eda puede entrar o no Chile, la recomendaci\u00f3n es que declare que SI, porta productos, a fin de que sea un\/a inspector\/a del Servicio quien luego de una revisi\u00f3n verifique si el producto es de riesgo o no, permitiendo o no el ingreso al pa\u00eds\u201d, explic\u00f3 von Moltke.<\/p>\n\n\n\n<p>La recomendaci\u00f3n es a informarse, previamente, ya sea por los canales oficiales de la instituci\u00f3n, consultando a inspectores\/as previo a la salida del pa\u00eds, o a trav\u00e9s de la p\u00e1gina institucional, donde es posible revisar los productos que pueden ingresar como equipaje acompa\u00f1ado en el enlace&nbsp;<a href=\"https:\/\/www.sag.gob.cl\/ambitos-de-accion\/productos-de-origen-vegetal-yo-animal-artesanias-y-otros\" target=\"_blank\" rel=\"noreferrer noopener\">https:\/\/www.sag.gob.cl\/ambitos-de-accion\/productos-de-origen-vegetal-yo-animal-artesanias-y-otros<\/a>&nbsp;&nbsp;<\/p>\n\n\n\n<p>Finalmente, en el enlace&nbsp;<a href=\"https:\/\/www.sag.gob.cl\/ambitos-de-accion\/ingreso-o-salida-de-mascotas-y-especies-animales-y-vegetales-protegidas\" target=\"_blank\" rel=\"noreferrer noopener\">https:\/\/www.sag.gob.cl\/ambitos-de-accion\/ingreso-o-salida-de-mascotas-y-especies-animales-y-vegetales-protegidas<\/a>&nbsp;se podr\u00e1 acceder a los requisitos sanitarios y de vacunaci\u00f3n para viajar con mascotas al extranjero.&nbsp;<\/p>\n\n\n\n<p>Para consultas sobre esta u otras materias de atingencia SAG escr\u00edbanos a&nbsp;<a href=\"mailto:contacto.magallanes@sag.gob.cl\" target=\"_blank\" rel=\"noreferrer noopener\">contacto.magallanes@sag.gob.cl<\/a><\/p>\n","protected":false},"excerpt":{"rendered":"<p>Durante lo que va del a\u00f1o 2025, hasta el 20 de enero, el Servicio Agr\u00edcola y Ganadero de la regi\u00f3n de Magallanes ha inspeccionado m\u00e1s de 93.500 pasajeros\/as que han&#8230; <a class=\"read-more\" href=\"https:\/\/www.radiopresidenteibanez.cl\/web\/ante-aumento-de-pasajeros-ingresando-al-pais-sag-reitera-llamado-a-anticipar-tramite-de-declaracion-jurada-conjunta\/\">Leer m\u00e1s<\/a><\/p>\n","protected":false},"author":2,"featured_media":53869,"comment_status":"closed","ping_status":"closed","sticky":false,"template":"","format":"standard","meta":{"footnotes":""},"categories":[1],"tags":[],"class_list":["post-53868","post","type-post","status-publish","format-standard","has-post-thumbnail","hentry","category-cronica"],"_links":{"self":[{"href":"https:\/\/www.radiopresidenteibanez.cl\/web\/wp-json\/wp\/v2\/posts\/53868","targetHints":{"allow":["GET"]}}],"collection":[{"href":"https:\/\/www.radiopresidenteibanez.cl\/web\/wp-json\/wp\/v2\/posts"}],"about":[{"href":"https:\/\/www.radiopresidenteibanez.cl\/web\/wp-json\/wp\/v2\/types\/post"}],"author":[{"embeddable":true,"href":"https:\/\/www.radiopresidenteibanez.cl\/web\/wp-json\/wp\/v2\/users\/2"}],"replies":[{"embeddable":true,"href":"https:\/\/www.radiopresidenteibanez.cl\/web\/wp-json\/wp\/v2\/comments?post=53868"}],"version-history":[{"count":0,"href":"https:\/\/www.radiopresidenteibanez.cl\/web\/wp-json\/wp\/v2\/posts\/53868\/revisions"}],"wp:featuredmedia":[{"embeddable":true,"href":"https:\/\/www.radiopresidenteibanez.cl\/web\/wp-json\/wp\/v2\/media\/53869"}],"wp:attachment":[{"href":"https:\/\/www.radiopresidenteibanez.cl\/web\/wp-json\/wp\/v2\/media?parent=53868"}],"wp:term":[{"taxonomy":"category","embeddable":true,"href":"https:\/\/www.radiopresidenteibanez.cl\/web\/wp-json\/wp\/v2\/categories?post=53868"},{"taxonomy":"post_tag","embeddable":true,"href":"https:\/\/www.radiopresidenteibanez.cl\/web\/wp-json\/wp\/v2\/tags?post=53868"}],"curies":[{"name":"wp","href":"https:\/\/api.w.org\/{rel}","templated":true}]}}