{"id":5386,"date":"2019-06-27T21:28:20","date_gmt":"2019-06-27T21:28:20","guid":{"rendered":"http:\/\/www.radiopresidenteibanez.cl\/web\/?p=5386"},"modified":"2019-06-27T21:28:40","modified_gmt":"2019-06-27T21:28:40","slug":"declaracion-publica-senadora-carolina-goic","status":"publish","type":"post","link":"https:\/\/www.radiopresidenteibanez.cl\/web\/declaracion-publica-senadora-carolina-goic\/","title":{"rendered":"DECLARACI\u00d3N P\u00daBLICA SENADORA CAROLINA GOIC"},"content":{"rendered":"\n<p>En atenci\u00f3n a un audio que est\u00e1 circulando en redes\nsociales, en el cual un supuesto guardiayuda me atribuye haber sostenido una\nconversaci\u00f3n que habr\u00eda ocurrido el d\u00eda mi\u00e9rcoles 26 de junio, en las afueras\ndel inmueble donde funciona Radio Polar, quiero se\u00f1alar lo siguiente:<\/p>\n\n\n\n<p>1.- El audio en cuesti\u00f3n es total y absolutamente falso.\nDurante este \u00faltimo tiempo no he manejado en la ciudad de Punta Arenas, por\nende no he utilizado estacionamiento, lo que &nbsp;&nbsp;puede ser corroborado por la empresa a trav\u00e9s\nde la patente.<\/p>\n\n\n\n<p>2.-El pasado d\u00eda mi\u00e9rcoles concurr\u00ed&nbsp; a una entrevista en Radio Polar, como lo hago\nhabitualmente semana a semana aqu\u00ed en mi regi\u00f3n, a la que fui acompa\u00f1ada por el\nconcejal Germ\u00e1n Flores, en su veh\u00edculo, lo que refuerza la falsedad del audio,\ncuya patente no tiene registro de estacionamiento durante el d\u00eda y la hora en\ndonde supuestamente habr\u00eda ocurrido el hecho, situaci\u00f3n que de igual modo puede\nser corroborado por la empresa.<\/p>\n\n\n\n<p>3.- En el mencionado audio el supuesto guardiayuda sostiene\nque yo le habr\u00eda dicho que, en mi calidad de \u201cdiputada\u201d yo me negaba a pagar el\nservicio. Como es de conocimiento p\u00fablico, desde el a\u00f1o 2014 soy senadora de la\nRep\u00fablica con lo cual se evidencia a\u00fan m\u00e1s que se trata de un montaje.<\/p>\n\n\n\n<p>4.- En el caso del audio que est\u00e1 circulando present\u00e9 los\nantecedentes ante la PDI para que se investigue este caso a fondo y se\nestablezca la identidad y las motivaciones de quien lo hizo. Trasmito mi\nrespeto al gremio de los guardiayuda, que est\u00e1 compuesto por gente honrada y decente.<\/p>\n\n\n\n<p>7.- Lament\u00f3 que en nuestra regi\u00f3n se est\u00e9n dando este tipo\nde pr\u00e1cticas que no se condicen con la manera en que hist\u00f3ricamente nos hemos\ntratado entre quienes vivimos en Magallanes.<\/p>\n\n\n\n<p>8.- Seguir\u00e9 desarrollando mi labor parlamentaria de la misma manera en que lo he hecho hasta ahora, gui\u00e1ndome por el inter\u00e9s superior del desarrollo de nuestra regi\u00f3n y apegada, como lo he hecho siempre, a los principios de la \u00e9tica y la buena pol\u00edtica.<\/p>\n\n\n\n<figure class=\"wp-block-image\"><img loading=\"lazy\" decoding=\"async\" width=\"1024\" height=\"540\" src=\"http:\/\/www.radiopresidenteibanez.cl\/web\/wp-content\/uploads\/2019\/01\/panoramica-punta-arenas-1024x540.jpg\" alt=\"\" class=\"wp-image-740\" srcset=\"https:\/\/www.radiopresidenteibanez.cl\/web\/wp-content\/uploads\/2019\/01\/panoramica-punta-arenas-1024x540.jpg 1024w, https:\/\/www.radiopresidenteibanez.cl\/web\/wp-content\/uploads\/2019\/01\/panoramica-punta-arenas-300x158.jpg 300w, https:\/\/www.radiopresidenteibanez.cl\/web\/wp-content\/uploads\/2019\/01\/panoramica-punta-arenas-768x405.jpg 768w, https:\/\/www.radiopresidenteibanez.cl\/web\/wp-content\/uploads\/2019\/01\/panoramica-punta-arenas.jpg 1440w\" sizes=\"auto, (max-width: 1024px) 100vw, 1024px\" \/><\/figure>\n","protected":false},"excerpt":{"rendered":"<p>En atenci\u00f3n a un audio que est\u00e1 circulando en redes sociales, en el cual un supuesto guardiayuda me atribuye haber sostenido una conversaci\u00f3n que habr\u00eda ocurrido el d\u00eda mi\u00e9rcoles 26&#8230; <a class=\"read-more\" href=\"https:\/\/www.radiopresidenteibanez.cl\/web\/declaracion-publica-senadora-carolina-goic\/\">Leer m\u00e1s<\/a><\/p>\n","protected":false},"author":2,"featured_media":740,"comment_status":"closed","ping_status":"closed","sticky":false,"template":"","format":"standard","meta":{"footnotes":""},"categories":[5],"tags":[],"class_list":["post-5386","post","type-post","status-publish","format-standard","has-post-thumbnail","hentry","category-politica"],"_links":{"self":[{"href":"https:\/\/www.radiopresidenteibanez.cl\/web\/wp-json\/wp\/v2\/posts\/5386","targetHints":{"allow":["GET"]}}],"collection":[{"href":"https:\/\/www.radiopresidenteibanez.cl\/web\/wp-json\/wp\/v2\/posts"}],"about":[{"href":"https:\/\/www.radiopresidenteibanez.cl\/web\/wp-json\/wp\/v2\/types\/post"}],"author":[{"embeddable":true,"href":"https:\/\/www.radiopresidenteibanez.cl\/web\/wp-json\/wp\/v2\/users\/2"}],"replies":[{"embeddable":true,"href":"https:\/\/www.radiopresidenteibanez.cl\/web\/wp-json\/wp\/v2\/comments?post=5386"}],"version-history":[{"count":0,"href":"https:\/\/www.radiopresidenteibanez.cl\/web\/wp-json\/wp\/v2\/posts\/5386\/revisions"}],"wp:featuredmedia":[{"embeddable":true,"href":"https:\/\/www.radiopresidenteibanez.cl\/web\/wp-json\/wp\/v2\/media\/740"}],"wp:attachment":[{"href":"https:\/\/www.radiopresidenteibanez.cl\/web\/wp-json\/wp\/v2\/media?parent=5386"}],"wp:term":[{"taxonomy":"category","embeddable":true,"href":"https:\/\/www.radiopresidenteibanez.cl\/web\/wp-json\/wp\/v2\/categories?post=5386"},{"taxonomy":"post_tag","embeddable":true,"href":"https:\/\/www.radiopresidenteibanez.cl\/web\/wp-json\/wp\/v2\/tags?post=5386"}],"curies":[{"name":"wp","href":"https:\/\/api.w.org\/{rel}","templated":true}]}}