{"id":53856,"date":"2025-01-22T18:39:00","date_gmt":"2025-01-22T21:39:00","guid":{"rendered":"https:\/\/www.radiopresidenteibanez.cl\/web\/?p=53856"},"modified":"2025-01-22T11:51:25","modified_gmt":"2025-01-22T14:51:25","slug":"minvu-inicia-la-construccion-de-10-kilometros-de-calzadas-y-aceras-a-traves-del-programa-de-pavimentos-participativos","status":"publish","type":"post","link":"https:\/\/www.radiopresidenteibanez.cl\/web\/minvu-inicia-la-construccion-de-10-kilometros-de-calzadas-y-aceras-a-traves-del-programa-de-pavimentos-participativos\/","title":{"rendered":"MINVU inicia la construcci\u00f3n de 10 kil\u00f3metros de calzadas y aceras a trav\u00e9s del Programa de Pavimentos Participativos"},"content":{"rendered":"\n<p>El inicio de las obras del Llamado 33\u00b0 del Programa de Pavimentos Participativos fue anunciado la ma\u00f1ana de este martes en calle Marchant, sector sur de Punta Arenas,&nbsp; por el Seremi de Vivienda y Urbanismo, Marco Uribe Saldivia y el Director Regional (S) del Serviu, Omar Gonz\u00e1lez Asenjo, quienes efectuaron una visita a los trabajos en ejecuci\u00f3n, junto a vecinos y vecinas y equipos del Serviu y la empresa contratista Salfa.<\/p>\n\n\n\n<p>\u201cEste Programa de Pavimentos Participativos, en su llamado 33\u00b0, est\u00e1 invirtiendo m\u00e1s de 11 mil millones de pesos que benefician a las comunas de Punta Arenas, Primavera, Timaukel y Cabo de Hornos. Hoy estamos ac\u00e1 en la calle Marchant, con una situaci\u00f3n muy simb\u00f3lica de este Programa, ya que se trata de una calle sin pavimentar, que, junto con la calzada y veredas, tambi\u00e9n requiere muros de contenci\u00f3n y soluci\u00f3n para los accesos vehiculares de las viviendas\u201d, precis\u00f3 el Seremi Marco Uribe Saldivia.<\/p>\n\n\n\n<p>En cuanto al desarrollo de las obras, el Director Regional (S) del Serviu, Omar Gonz\u00e1lez Asenjo, explic\u00f3 El Director Regional (S) del Serviu, Omar Gonz\u00e1lez inform\u00f3 \u201cSon 510 d\u00edas de ejecuci\u00f3n para la pavimentaci\u00f3n de 45 calles o veredas en Punta Arenas; una calle en Primavera, donde la empresa va a comenzar a trabajar en las pr\u00f3ximas semanas; 5 calles en Puerto Williams que se iniciar\u00e1n a fines de febrero y en Timaukel, la pavimentaci\u00f3n de las veredas se realizar\u00e1 despu\u00e9s del invierno, extendi\u00e9ndose todo el contrato hasta mayo del 2026\u201d.<\/p>\n\n\n\n<p>Omar Gonz\u00e1lez complement\u00f3 que \u201cTanto en Williams como en Primavera y Timaukel, el 90% de sus calzadas quedar\u00e1n pavimentadas, entonces es un avance importante para esas comunas que no ten\u00edan una soluci\u00f3n vial adecuada\u201d.<\/p>\n\n\n\n<p><strong>Organizaci\u00f3n vecinal y equidad territorial<\/strong><strong><\/strong><\/p>\n\n\n\n<p>Marco Uribe destac\u00f3 la organizaci\u00f3n de los vecinos y vecinas agrupados en comit\u00e9s y la equidad territorial en la asignaci\u00f3n de los recursos del 33\u00b0 Llamado, que por primera vez beneficiar\u00e1 a la comuna de Timaukel.<\/p>\n\n\n\n<p>\u201cHoy con el Llamado N\u00b033, cuya inversi\u00f3n ha sido hist\u00f3rica, podemos llegar a rincones donde no se hab\u00eda llegado antes, como Villa Camer\u00f3n, donde se van a pavimentar 800 metros de veredas. En Puerto Williams se van a pavimentar dos kil\u00f3metros de calles, ac\u00e1 en Punta Arenas vamos a trabajar en 3 kil\u00f3metros de calzadas y 3 kil\u00f3metros de veredas y en Primavera alrededor de 600 metros de calzada. As\u00ed que estamos muy contentos de poder descentralizar nuestra gesti\u00f3n aparte de la materia habitacional, tambi\u00e9n en materia urbana\u201d, explic\u00f3.<\/p>\n\n\n\n<p>Mirna Pacheco Garc\u00eda, antigua vecina del sector destac\u00f3 lo dif\u00edcil que era transitar en calle Marchant&nbsp; en invierno y el largo anhelo de la pavimentaci\u00f3n de esta calle, que adem\u00e1s requiere accesibilidad universal en sus aceras.<\/p>\n\n\n\n<p>Los trabajos en calle Marchant, en el tramo Las Heras y Miraflores consistir\u00e1n en la construcci\u00f3n de la calzada de hormig\u00f3n de 107 metros de largo y ancho variable de 6 a 7 metros; aceras, soleras e ingresos vehiculares. La particular topograf\u00eda del lugar hace necesaria la confecci\u00f3n de muros de contenci\u00f3n y gradas con sus respectivos pasamanos, de acuerdo a la normativa de accesibilidad universal.<\/p>\n\n\n\n<p>Otros trabajos se realizan en calle 18 de Septiembre y Avenida Espa\u00f1a poniente, entre Alberto Conus y Jos\u00e9 Gonz\u00e1lez; calle Los Calafates en el barrio Fitz Roy; y Conrado Pitet en el sector del Parque Don Bosco.<\/p>\n","protected":false},"excerpt":{"rendered":"<p>El inicio de las obras del Llamado 33\u00b0 del Programa de Pavimentos Participativos fue anunciado la ma\u00f1ana de este martes en calle Marchant, sector sur de Punta Arenas,&nbsp; por el&#8230; <a class=\"read-more\" href=\"https:\/\/www.radiopresidenteibanez.cl\/web\/minvu-inicia-la-construccion-de-10-kilometros-de-calzadas-y-aceras-a-traves-del-programa-de-pavimentos-participativos\/\">Leer m\u00e1s<\/a><\/p>\n","protected":false},"author":2,"featured_media":53857,"comment_status":"closed","ping_status":"closed","sticky":false,"template":"","format":"standard","meta":{"footnotes":""},"categories":[1],"tags":[],"class_list":["post-53856","post","type-post","status-publish","format-standard","has-post-thumbnail","hentry","category-cronica"],"_links":{"self":[{"href":"https:\/\/www.radiopresidenteibanez.cl\/web\/wp-json\/wp\/v2\/posts\/53856","targetHints":{"allow":["GET"]}}],"collection":[{"href":"https:\/\/www.radiopresidenteibanez.cl\/web\/wp-json\/wp\/v2\/posts"}],"about":[{"href":"https:\/\/www.radiopresidenteibanez.cl\/web\/wp-json\/wp\/v2\/types\/post"}],"author":[{"embeddable":true,"href":"https:\/\/www.radiopresidenteibanez.cl\/web\/wp-json\/wp\/v2\/users\/2"}],"replies":[{"embeddable":true,"href":"https:\/\/www.radiopresidenteibanez.cl\/web\/wp-json\/wp\/v2\/comments?post=53856"}],"version-history":[{"count":0,"href":"https:\/\/www.radiopresidenteibanez.cl\/web\/wp-json\/wp\/v2\/posts\/53856\/revisions"}],"wp:featuredmedia":[{"embeddable":true,"href":"https:\/\/www.radiopresidenteibanez.cl\/web\/wp-json\/wp\/v2\/media\/53857"}],"wp:attachment":[{"href":"https:\/\/www.radiopresidenteibanez.cl\/web\/wp-json\/wp\/v2\/media?parent=53856"}],"wp:term":[{"taxonomy":"category","embeddable":true,"href":"https:\/\/www.radiopresidenteibanez.cl\/web\/wp-json\/wp\/v2\/categories?post=53856"},{"taxonomy":"post_tag","embeddable":true,"href":"https:\/\/www.radiopresidenteibanez.cl\/web\/wp-json\/wp\/v2\/tags?post=53856"}],"curies":[{"name":"wp","href":"https:\/\/api.w.org\/{rel}","templated":true}]}}