{"id":53793,"date":"2025-01-21T08:09:00","date_gmt":"2025-01-21T11:09:00","guid":{"rendered":"https:\/\/www.radiopresidenteibanez.cl\/web\/?p=53793"},"modified":"2025-01-21T09:05:21","modified_gmt":"2025-01-21T12:05:21","slug":"boletin-informativo-matinal-orbe-39","status":"publish","type":"post","link":"https:\/\/www.radiopresidenteibanez.cl\/web\/boletin-informativo-matinal-orbe-39\/","title":{"rendered":"Boletin Informativo Matinal ORBE"},"content":{"rendered":"\n<p>VALPARAISO.- En un ambiente cargado de tensiones pol\u00edticas,<br>los senadores Iv\u00e1n Moreira, UDI, y Manuel Jos\u00e9 Ossand\u00f3n, RN,<br>declararon p\u00fablicamente que el acuerdo de gobernabilidad que<br>define la presidencia del Senado ya no est\u00e1 vigente. Esto,<br>deja en vilo el futuro del liderazgo en la C\u00e1mara Alta. Ello,<br>en un golpe directo contra Ev\u00f3poli. Los parlamentarios<br>advirtieron que no respaldar\u00e1n a Felipe Kast, quien era el<br>candidato acordado seg\u00fan el pacto original.<\/p>\n\n\n\n<p>VALPARAISO.-El partido liderado por Gloria Hutt, Ev\u00f3poli,<br>decidi\u00f3 mantener su apuesta por Kast para la presidencia. Sin<br>embargo, esta postura choca con las divisiones internas de la<br>oposici\u00f3n, donde el pacto de gobernabilidad parece haber<br>quedado en el pasado. Actualmente, la oposici\u00f3n\u2014conformada<br>por Chile Vamos, el Partido Social Cristiano y los<br>Dem\u00f3cratas\u2014ostenta una ajustada mayor\u00eda de dos votos, 26<br>contra 24, en el Senado.<\/p>\n\n\n\n<p>VALPARAISO.- As\u00ed, la intenci\u00f3n de este bloque es reafirmar su<br>control en la elecci\u00f3n de la pr\u00f3xima mesa directiva. Jos\u00e9<br>Garc\u00eda Ruminot, RN, ocupa actualmente la presidencia,<br>mientras que Mat\u00edas Walker Dem\u00f3cratas, es el vicepresidente.<br>El acuerdo original estipulaba que Kast asumir\u00eda la<br>presidencia en el \u00faltimo per\u00edodo de legislatura.<\/p>\n\n\n\n<p>VALPARAISO.- Sin embargo, tanto RN como la UDI consideran que<br>dicho pacto qued\u00f3 invalidado tras la elecci\u00f3n de la actual<br>mesa, cuando Chile Vamos opt\u00f3 por Jos\u00e9 Garc\u00eda Ruminot como<br>presidente y Walker como vicepresidente. Esto, en lugar de<br>ceder el liderazgo al oficialismo, como se hab\u00eda planteado<br>inicialmente.<\/p>\n\n\n\n<p>SANTIAGO.- Dos funcionarios de Carabineros fueron v\u00edctimas de<br>un intento de encerrona la madrugada de este martesen la<br>Autopista Costanera Norte, a la altura de Pur\u00edsima en la<br>comuna de Recoleta. Los hechos ocurrieron mientras ambos<br>polic\u00edas, que se encontraban de franco, transitaban en su<br>veh\u00edculo y fueron interceptados por un autom\u00f3vil desde el<br>cual descendieron varios sujetos armados, seg\u00fan informaci\u00f3n<br>preliminar.<\/p>\n\n\n\n<p>SANTIAGO.-Los asaltantes intentaron intimidar a los polic\u00edas,<br>lo que llev\u00f3 a uno de ellos a utilizar su arma particular,<br>que estaba debidamente inscrita. El carabinero percut\u00f3 una<br>cantidad indeterminada de disparos, lo que oblig\u00f3 a los<br>atacantes a huir del lugar. Horas m\u00e1s tarde, tres hombres con<br>heridas de bala llegaron al Hospital Cl\u00ednico de la<br>Universidad de Chile, los ue supuestamente fueron lesiondos<br>por el polic\u00eda, lo que se nusc confirmar.<\/p>\n\n\n\n<p>SANTIAGO.- Gamadiel Garc\u00eda, presidente del Sindicato de<br>Futbolistas Profesionales,Sifup, destac\u00f3 las \u00abvoluntades<br>para avanzar y solucionar\u00bb tras la reuni\u00f3n con la ANFP y<br>presidentes de clubes en la Direcci\u00f3n del Trabajo, en la<br>segunda jornada de mediaci\u00f3n ante el paro que mantienen los<br>jugadores desde inicios del a\u00f1o. \u00abNo alcanzamos a tocar todos<br>los puntos en nuestro petitorio. Se ve claramente que hay<br>voluntades de poder solucionar y avanzar\u00bb, coment\u00f3 Garc\u00eda.<\/p>\n\n\n\n<p>SANTIAGO.- El dirigente agreg\u00f3 ue,\u00bbEste martes seguimos la<br>reuni\u00f3n, viendo c\u00f3mo podemos implementar para este torneo lo<br>que estamos estipulando, y hasta que eso no ocurra, nosotros<br>mantenemos la paralizaci\u00f3n de actividades, as\u00ed fuimos<br>mandatados por los futbolistas\u00bb, asever\u00f3 el timonel del<br>gremio. Garc\u00eda tambi\u00e9n fue claro sobre los puntos claves para<br>levantar el paro: \u00abEl l\u00edmite de edad, seguros para lesiones,<br>y el inicio y t\u00e9rmino de las temporadas\u00bb.<\/p>\n","protected":false},"excerpt":{"rendered":"<p>VALPARAISO.- En un ambiente cargado de tensiones pol\u00edticas,los senadores Iv\u00e1n Moreira, UDI, y Manuel Jos\u00e9 Ossand\u00f3n, RN,declararon p\u00fablicamente que el acuerdo de gobernabilidad quedefine la presidencia del Senado ya no&#8230; <a class=\"read-more\" href=\"https:\/\/www.radiopresidenteibanez.cl\/web\/boletin-informativo-matinal-orbe-39\/\">Leer m\u00e1s<\/a><\/p>\n","protected":false},"author":2,"featured_media":53794,"comment_status":"closed","ping_status":"closed","sticky":false,"template":"","format":"standard","meta":{"footnotes":""},"categories":[1],"tags":[],"class_list":["post-53793","post","type-post","status-publish","format-standard","has-post-thumbnail","hentry","category-cronica"],"_links":{"self":[{"href":"https:\/\/www.radiopresidenteibanez.cl\/web\/wp-json\/wp\/v2\/posts\/53793","targetHints":{"allow":["GET"]}}],"collection":[{"href":"https:\/\/www.radiopresidenteibanez.cl\/web\/wp-json\/wp\/v2\/posts"}],"about":[{"href":"https:\/\/www.radiopresidenteibanez.cl\/web\/wp-json\/wp\/v2\/types\/post"}],"author":[{"embeddable":true,"href":"https:\/\/www.radiopresidenteibanez.cl\/web\/wp-json\/wp\/v2\/users\/2"}],"replies":[{"embeddable":true,"href":"https:\/\/www.radiopresidenteibanez.cl\/web\/wp-json\/wp\/v2\/comments?post=53793"}],"version-history":[{"count":0,"href":"https:\/\/www.radiopresidenteibanez.cl\/web\/wp-json\/wp\/v2\/posts\/53793\/revisions"}],"wp:featuredmedia":[{"embeddable":true,"href":"https:\/\/www.radiopresidenteibanez.cl\/web\/wp-json\/wp\/v2\/media\/53794"}],"wp:attachment":[{"href":"https:\/\/www.radiopresidenteibanez.cl\/web\/wp-json\/wp\/v2\/media?parent=53793"}],"wp:term":[{"taxonomy":"category","embeddable":true,"href":"https:\/\/www.radiopresidenteibanez.cl\/web\/wp-json\/wp\/v2\/categories?post=53793"},{"taxonomy":"post_tag","embeddable":true,"href":"https:\/\/www.radiopresidenteibanez.cl\/web\/wp-json\/wp\/v2\/tags?post=53793"}],"curies":[{"name":"wp","href":"https:\/\/api.w.org\/{rel}","templated":true}]}}