{"id":5377,"date":"2019-06-27T20:48:23","date_gmt":"2019-06-27T20:48:23","guid":{"rendered":"http:\/\/www.radiopresidenteibanez.cl\/web\/?p=5377"},"modified":"2019-06-27T20:49:07","modified_gmt":"2019-06-27T20:49:07","slug":"seremi-de-gobierno-entrego-recursos-de-fondo-de-medios","status":"publish","type":"post","link":"https:\/\/www.radiopresidenteibanez.cl\/web\/seremi-de-gobierno-entrego-recursos-de-fondo-de-medios\/","title":{"rendered":"SEREMI DE GOBIERNO ENTREG\u00d3 RECURSOS DE FONDO DE MEDIOS"},"content":{"rendered":"\n<p>En el sal\u00f3n Nelda Panicucci de\nla Intendencia Regional, se llev\u00f3 a cabo este jueves la ceremonia de entrega de\nrecursos a los proyectos seleccionados por el Fondo de Fomento de Medios de\nComunicaci\u00f3n 2019, impulsado por el Ministerio Secretar\u00eda General de Gobierno.<\/p>\n\n\n\n<p>Un total de 28 iniciativas en\nformatos digitales, radiales, televisivos y escritos fueron seleccionados y\ndesarrollar\u00e1n tem\u00e1ticas de car\u00e1cter regional, que generar\u00e1n un impacto positivo\nen la comunidad. <\/p>\n\n\n\n<p>La seremi de Gobierno, Alejandra\nMu\u00f1oz junto al consejero regional, Antonio R\u00edspoli realiz\u00f3 la entrega simb\u00f3lica\nde los recursos, para que los distintos medios comiencen a ejecutar sus\nproyectos.<\/p>\n\n\n\n<p>\u201cEl Gobierno del Presidente\nSebasti\u00e1n Pi\u00f1era, a trav\u00e9s de este fondo, refuerza el apoyo a los comunicadores\nde nuestra regi\u00f3n, entendiendo que su labor es primordial, sobre todo, en el\nfomento de nuestra idiosincrasia, educaci\u00f3n c\u00edvica, enfoque de g\u00e9nero, entre\notros temas. Adem\u00e1s tenemos medios emergentes que est\u00e1n siendo beneficiados y\ntuvimos la participaci\u00f3n de medios de tres de las cuatro provincias\u201d, se\u00f1al\u00f3 la\nseremi Mu\u00f1oz. <\/p>\n\n\n\n<p>Los recursos asignados se\ndividieron en dos segmentos. En el caso de las iniciativas de radiodifusi\u00f3n\nfueron seleccionados 13 proyectos por $45.952.922, mientras que 15 proyectos de\notros medios fueron escogidos por un monto de $40.393.525.<\/p>\n\n\n\n<p>En el caso de la provincia de\n\u00daltima Esperanza, la seremi Mu\u00f1oz entreg\u00f3 este Fondo de Medios con la\ngobernadora Ana Mayorga, destacando la importancia del trabajo que realizan los\nmedios de otras comunas. <\/p>\n\n\n\n<p><strong>Beneficiados <\/strong><\/p>\n\n\n\n<p>Carolina Ruiz, editora del medio\n\u201cEl Magall\u00e1nico\u201d manifest\u00f3 que \u201cgracias a la adjudicaci\u00f3n de estos Fondos vamos\na poder adquirir equipamiento y seguir crecimiento como medio, y adem\u00e1s podemos\notorgar un servicio a la comunidad a trav\u00e9s de este proyecto, donde queremos\nmostrar algunos monumentos de la regi\u00f3n y contarles sobre su historia\u201d. <\/p>\n\n\n\n<p>Mientras que Marco Castro, de\nRadio Milod\u00f3n FM, reconoci\u00f3 que \u201ceste Fondo es muy importante porque para los\nmedios y sobre todo las radios, resulta muy complejo obtener recursos para\npoder seguir trabajando, dependemos mucho de este tipo de proyectos para hacer\nmejoras t\u00e9cnicas\u201d. <\/p>\n\n\n\n<p>Los medios seleccionados fueron:\nRadio Nuevo Mundo Patagonia, My Radio, Radio Manantial, Radio Carnaval, Radio\nMagallanes, Radio Soberan\u00eda, Voz Austral, Radio Porvenir, Radio Presidente\nIb\u00e1\u00f1ez, Radio Polar, La Prensa Austral, Fem Patagonia, Umag TV, Revista Salud\n&amp; Buena Vida, El Ping\u00fcino, Prensa Ant\u00e1rtica, El Magall\u00e1nico, Tuerca\nAustral, Radio Milod\u00f3n, Viento Sur Comunicaciones, Radio Payne y Natales\nOnline.<\/p>\n\n\n\n<p>Finalmente la seremi Mu\u00f1oz reiter\u00f3 que tal como lo dijo la ministra Cecilia P\u00e9rez, \u201cqueremos fomentar que los medios de comunicaci\u00f3n sigan creciendo, porque en ese crecimiento est\u00e1 el fortalecimiento de la democracia, esa democracia que se afirma a trav\u00e9s de la informaci\u00f3n, de la comunicaci\u00f3n y de entregar la noticia comunal, provincial y regional a cada uno de los vecinos, de los chilenos y sus familias, queremos medios de comunicaci\u00f3n fuertes, empoderados, que no sufran crisis por causas econ\u00f3micas, sobre todos los m\u00e1s chicos, los emprendedores\u201d.<\/p>\n\n\n\n<ul class=\"wp-block-gallery columns-2 is-cropped wp-block-gallery-1 is-layout-flex wp-block-gallery-is-layout-flex\"><li class=\"blocks-gallery-item\"><figure><img loading=\"lazy\" decoding=\"async\" width=\"900\" height=\"600\" src=\"https:\/\/www.radiopresidenteibanez.cl\/web\/wp-content\/uploads\/2019\/06\/IMG_7375-1.jpg\" alt=\"\" data-id=\"5381\" data-link=\"https:\/\/www.radiopresidenteibanez.cl\/web\/?attachment_id=5381\" class=\"wp-image-5381\" srcset=\"https:\/\/www.radiopresidenteibanez.cl\/web\/wp-content\/uploads\/2019\/06\/IMG_7375-1.jpg 900w, https:\/\/www.radiopresidenteibanez.cl\/web\/wp-content\/uploads\/2019\/06\/IMG_7375-1-300x200.jpg 300w, https:\/\/www.radiopresidenteibanez.cl\/web\/wp-content\/uploads\/2019\/06\/IMG_7375-1-768x512.jpg 768w\" sizes=\"auto, (max-width: 900px) 100vw, 900px\" \/><\/figure><\/li><li class=\"blocks-gallery-item\"><figure><img loading=\"lazy\" decoding=\"async\" width=\"900\" height=\"600\" src=\"https:\/\/www.radiopresidenteibanez.cl\/web\/wp-content\/uploads\/2019\/06\/IMG_7415-1.jpg\" alt=\"\" data-id=\"5382\" data-link=\"https:\/\/www.radiopresidenteibanez.cl\/web\/?attachment_id=5382\" class=\"wp-image-5382\" srcset=\"https:\/\/www.radiopresidenteibanez.cl\/web\/wp-content\/uploads\/2019\/06\/IMG_7415-1.jpg 900w, https:\/\/www.radiopresidenteibanez.cl\/web\/wp-content\/uploads\/2019\/06\/IMG_7415-1-300x200.jpg 300w, https:\/\/www.radiopresidenteibanez.cl\/web\/wp-content\/uploads\/2019\/06\/IMG_7415-1-768x512.jpg 768w\" sizes=\"auto, (max-width: 900px) 100vw, 900px\" \/><\/figure><\/li><li class=\"blocks-gallery-item\"><figure><img loading=\"lazy\" decoding=\"async\" width=\"900\" height=\"600\" src=\"https:\/\/www.radiopresidenteibanez.cl\/web\/wp-content\/uploads\/2019\/06\/IMG_7453-1.jpg\" alt=\"\" data-id=\"5383\" data-link=\"https:\/\/www.radiopresidenteibanez.cl\/web\/?attachment_id=5383\" class=\"wp-image-5383\" srcset=\"https:\/\/www.radiopresidenteibanez.cl\/web\/wp-content\/uploads\/2019\/06\/IMG_7453-1.jpg 900w, https:\/\/www.radiopresidenteibanez.cl\/web\/wp-content\/uploads\/2019\/06\/IMG_7453-1-300x200.jpg 300w, https:\/\/www.radiopresidenteibanez.cl\/web\/wp-content\/uploads\/2019\/06\/IMG_7453-1-768x512.jpg 768w\" sizes=\"auto, (max-width: 900px) 100vw, 900px\" \/><\/figure><\/li><\/ul>\n","protected":false},"excerpt":{"rendered":"<p>En el sal\u00f3n Nelda Panicucci de la Intendencia Regional, se llev\u00f3 a cabo este jueves la ceremonia de entrega de recursos a los proyectos seleccionados por el Fondo de Fomento&#8230; <a class=\"read-more\" href=\"https:\/\/www.radiopresidenteibanez.cl\/web\/seremi-de-gobierno-entrego-recursos-de-fondo-de-medios\/\">Leer m\u00e1s<\/a><\/p>\n","protected":false},"author":2,"featured_media":5382,"comment_status":"closed","ping_status":"closed","sticky":false,"template":"","format":"standard","meta":{"footnotes":""},"categories":[1],"tags":[],"class_list":["post-5377","post","type-post","status-publish","format-standard","has-post-thumbnail","hentry","category-cronica"],"_links":{"self":[{"href":"https:\/\/www.radiopresidenteibanez.cl\/web\/wp-json\/wp\/v2\/posts\/5377","targetHints":{"allow":["GET"]}}],"collection":[{"href":"https:\/\/www.radiopresidenteibanez.cl\/web\/wp-json\/wp\/v2\/posts"}],"about":[{"href":"https:\/\/www.radiopresidenteibanez.cl\/web\/wp-json\/wp\/v2\/types\/post"}],"author":[{"embeddable":true,"href":"https:\/\/www.radiopresidenteibanez.cl\/web\/wp-json\/wp\/v2\/users\/2"}],"replies":[{"embeddable":true,"href":"https:\/\/www.radiopresidenteibanez.cl\/web\/wp-json\/wp\/v2\/comments?post=5377"}],"version-history":[{"count":0,"href":"https:\/\/www.radiopresidenteibanez.cl\/web\/wp-json\/wp\/v2\/posts\/5377\/revisions"}],"wp:featuredmedia":[{"embeddable":true,"href":"https:\/\/www.radiopresidenteibanez.cl\/web\/wp-json\/wp\/v2\/media\/5382"}],"wp:attachment":[{"href":"https:\/\/www.radiopresidenteibanez.cl\/web\/wp-json\/wp\/v2\/media?parent=5377"}],"wp:term":[{"taxonomy":"category","embeddable":true,"href":"https:\/\/www.radiopresidenteibanez.cl\/web\/wp-json\/wp\/v2\/categories?post=5377"},{"taxonomy":"post_tag","embeddable":true,"href":"https:\/\/www.radiopresidenteibanez.cl\/web\/wp-json\/wp\/v2\/tags?post=5377"}],"curies":[{"name":"wp","href":"https:\/\/api.w.org\/{rel}","templated":true}]}}