{"id":53765,"date":"2025-01-20T09:50:01","date_gmt":"2025-01-20T12:50:01","guid":{"rendered":"https:\/\/www.radiopresidenteibanez.cl\/web\/?p=53765"},"modified":"2025-01-20T09:50:22","modified_gmt":"2025-01-20T12:50:22","slug":"convenio-entre-leo-el-sur-y-anef-magallanes-fomenta-la-lectura-entre-funcionarios-publicos","status":"publish","type":"post","link":"https:\/\/www.radiopresidenteibanez.cl\/web\/convenio-entre-leo-el-sur-y-anef-magallanes-fomenta-la-lectura-entre-funcionarios-publicos\/","title":{"rendered":"Convenio entre Leo el Sur y ANEF Magallanes fomenta la lectura entre funcionarios p\u00fablicos"},"content":{"rendered":"\n<p>En un esfuerzo por incentivar la lectura y fortalecer el acceso a libros en la regi\u00f3n austral, la librer\u00eda Leo el Sur, ubicada en el segundo piso de la hist\u00f3rica Galer\u00eda Palace, firm\u00f3 un convenio con la Asociaci\u00f3n Nacional de Empleados Fiscales (ANEF) Magallanes. Este acuerdo busca entregar precios preferenciales, recomendaciones personalizadas y un espacio de encuentro cultural a los funcionarios p\u00fablicos de la zona.<\/p>\n\n\n\n<p>La librer\u00eda, instalada en el edificio que alberg\u00f3 al m\u00edtico Cine Palace y que hoy cuenta con m\u00e1s de cuarenta locales comerciales, se convierte en un punto de encuentro para quienes buscan ampliar su mirada cr\u00edtica y reflexiva a trav\u00e9s de la lectura. Gracias al convenio, los funcionarios afiliados a la ANEF podr\u00e1n acceder a un descuento del 10% en sus compras.<\/p>\n\n\n\n<p>Evelyn C\u00f3rdova, presidenta de ANEF Magallanes, destac\u00f3 la importancia de este acuerdo como una herramienta para el crecimiento personal y colectivo.<\/p>\n\n\n\n<p>\u00abEl rol hist\u00f3rico de las dirigencias no solo es defender derechos laborales, sino tambi\u00e9n promover la cultura y fortalecer una visi\u00f3n cr\u00edtica de la sociedad. En ese sentido, la lectura no solo enriquece a las personas, sino tambi\u00e9n a las organizaciones que construyen una mejor comunidad\u00bb, precis\u00f3.<\/p>\n\n\n\n<p>Por su parte, Cristi\u00e1n Morales, periodista y mag\u00edster en ciencias sociales, valor\u00f3 la iniciativa y llam\u00f3 a los funcionarios a aprovechar esta oportunidad.<\/p>\n\n\n\n<p>\u00abEs un compromiso que demuestra el inter\u00e9s por fomentar el pensamiento cr\u00edtico y la creatividad. Invito a todos a conocer los t\u00edtulos que ofrece Leo el Sur, porque leer transforma y conecta con nuestra realidad\u00bb, indic\u00f3.<\/p>\n\n\n\n<p>Este convenio refleja un esfuerzo conjunto entre Leo el Sur y la ANEF Magallanes para acercar la cultura a los trabajadores p\u00fablicos y reforzar el impacto de la lectura como un elemento clave en el desarrollo integral de la comunidad austral.<\/p>\n","protected":false},"excerpt":{"rendered":"<p>En un esfuerzo por incentivar la lectura y fortalecer el acceso a libros en la regi\u00f3n austral, la librer\u00eda Leo el Sur, ubicada en el segundo piso de la hist\u00f3rica&#8230; <a class=\"read-more\" href=\"https:\/\/www.radiopresidenteibanez.cl\/web\/convenio-entre-leo-el-sur-y-anef-magallanes-fomenta-la-lectura-entre-funcionarios-publicos\/\">Leer m\u00e1s<\/a><\/p>\n","protected":false},"author":2,"featured_media":53766,"comment_status":"closed","ping_status":"closed","sticky":false,"template":"","format":"standard","meta":{"footnotes":""},"categories":[1],"tags":[],"class_list":["post-53765","post","type-post","status-publish","format-standard","has-post-thumbnail","hentry","category-cronica"],"_links":{"self":[{"href":"https:\/\/www.radiopresidenteibanez.cl\/web\/wp-json\/wp\/v2\/posts\/53765","targetHints":{"allow":["GET"]}}],"collection":[{"href":"https:\/\/www.radiopresidenteibanez.cl\/web\/wp-json\/wp\/v2\/posts"}],"about":[{"href":"https:\/\/www.radiopresidenteibanez.cl\/web\/wp-json\/wp\/v2\/types\/post"}],"author":[{"embeddable":true,"href":"https:\/\/www.radiopresidenteibanez.cl\/web\/wp-json\/wp\/v2\/users\/2"}],"replies":[{"embeddable":true,"href":"https:\/\/www.radiopresidenteibanez.cl\/web\/wp-json\/wp\/v2\/comments?post=53765"}],"version-history":[{"count":0,"href":"https:\/\/www.radiopresidenteibanez.cl\/web\/wp-json\/wp\/v2\/posts\/53765\/revisions"}],"wp:featuredmedia":[{"embeddable":true,"href":"https:\/\/www.radiopresidenteibanez.cl\/web\/wp-json\/wp\/v2\/media\/53766"}],"wp:attachment":[{"href":"https:\/\/www.radiopresidenteibanez.cl\/web\/wp-json\/wp\/v2\/media?parent=53765"}],"wp:term":[{"taxonomy":"category","embeddable":true,"href":"https:\/\/www.radiopresidenteibanez.cl\/web\/wp-json\/wp\/v2\/categories?post=53765"},{"taxonomy":"post_tag","embeddable":true,"href":"https:\/\/www.radiopresidenteibanez.cl\/web\/wp-json\/wp\/v2\/tags?post=53765"}],"curies":[{"name":"wp","href":"https:\/\/api.w.org\/{rel}","templated":true}]}}