{"id":53746,"date":"2025-01-17T17:39:00","date_gmt":"2025-01-17T20:39:00","guid":{"rendered":"https:\/\/www.radiopresidenteibanez.cl\/web\/?p=53746"},"modified":"2025-01-17T11:11:18","modified_gmt":"2025-01-17T14:11:18","slug":"en-cabo-negro-y-laredo-dirigentes-vecinales-conocieron-los-principales-desafios-de-enap-magallanes","status":"publish","type":"post","link":"https:\/\/www.radiopresidenteibanez.cl\/web\/en-cabo-negro-y-laredo-dirigentes-vecinales-conocieron-los-principales-desafios-de-enap-magallanes\/","title":{"rendered":"En Cabo Negro y Laredo, dirigentes vecinales conocieron los principales desafios de Enap Magallanes"},"content":{"rendered":"\n<p>Con una visita a los talleres de Maestranza en Laredo y los muelles e instalaciones energ\u00e9ticas<br>en Cabo Negro, dirigentes vecinales de Punta Arenas concretaron una primera visita a<br>instalaciones de Enap en el territorio austral, actividad enmarcada en el Programa Puertas<br>Abiertas ejecutado por la Unidad de Comunidades de Enap Magallanes.<br>Las directivas de las Uniones Comunales Hernando de Magallanes y Punta Arenas, la UNCO<br>de Adultos Mayores y la JJVV R\u00edo Seco, tuvieron la oportunidad de ir a terreno y ser testigos del<br>trabajo que la empresa realiza para el abastecimiento energ\u00e9tico de Magallanes,<br>particularmente planta Cabo Negro, la cual recibe el gas natural desde Posesi\u00f3n para luego ser<br>distribuido a la comunidad e industrias. La jefa de planta Cabo Negro, Ximena \u00c1guila, expuso<br>algunos alcances del rol que cumple la planta y lo que implica la producci\u00f3n de derivados del<br>petr\u00f3leo y gas, como butano y propano.<br>Tambi\u00e9n mencion\u00f3 el trabajo de la Refiner\u00eda Gregorio, que genera los combustibles de aviaci\u00f3n<br>y para embarcaciones mar\u00edtimas. \u201cEsta es la continuidad de un encuentro a fines de 2024,<br>donde le contamos respecto de las instalaciones y trabajos que se hacen en esta \u00e1rea y ahora<br>se dio que conozcan in situ, de manera de dimensionar todo el despliegue que se realiza\u201d,<br>destac\u00f3 el jefe de Comunidades de Enap Magallanes, Alfonso Pacheco.<br>Posterior a una visita perimetral por los muelles 1 y 2 de Cabo Negro, los dirigentes conocieron<br>el espacio donde estar\u00e1 emplazada la planta de hidr\u00f3geno verde de Enap; y luego se dirigieron<br>a los talleres de Maestranza, donde fueron recibidos por profesionales de Enap, quienes<br>explicaron los trabajos que realizan para la reparaci\u00f3n, mantenci\u00f3n y puesta en marcha de<br>equipos. En el lugar, conocieron los tornos con los cuales se trabaja y una moderna<br>balanceadora, \u00fanica en Sudam\u00e9rica. \u201cMuy agradecido de la oportunidad de conocer estas<br>instalaciones. Tuve la suerte de hacer pr\u00e1ctica en Enap en Cabo Negro hace muchos a\u00f1os y<br>me quedo con la sensaci\u00f3n de que el trabajo que hace es fabuloso, uno no lo sopesa\u201d, expres\u00f3<br>Daniel Bahamondez, de la Uni\u00f3n Comunal de Clubes de Adultos Mayores de Punta Arenas.<br>La presidenta de la JJVV R\u00edo Seco, Ana Rojas, se mostr\u00f3 sorprendida con la amplitud de las<br>instalaciones y agradeci\u00f3 el recibimiento que les brindaron los trabajadores de Enap. \u201cPara m\u00ed<br>esto es una miniciudad, que uno no dimensiona cuando pasa por la ruta, con maquinaria de<br>gran envergadura y el oficio que tienen las personas. Esto es un patrimonio que hay que cuidar,<br>es parte de la comunidad y ojal\u00e1 que Enap siga creciendo\u201d, expres\u00f3.<br>Opini\u00f3n similar tuvo Jorge Vergara, de la UNCO Punta Arenas, quien valor\u00f3 la invitaci\u00f3n. \u201cComo<br>sociedad civil, creemos que somos parte de este patrimonio regional, por eso estamos<br>conociendo lo que es Enap, algo que no esper\u00e1bamos. Qu\u00e9 bueno que se est\u00e9n acercando<br>m\u00e1s porque queremos que le vaya bien; Enap es parte de Magallanes y debemos conocerla\u201d.<br>Finalmente, Jos\u00e9 Montiel, de la UNCO Hernando de Magallanes, manifest\u00f3 la nostalgia de<br>volver al lugar donde trabaj\u00f3 por muchos a\u00f1os. \u201cEntr\u00e9 a los 16 a\u00f1os y estuve hasta 2022 en<br>Enap, son grandes recuerdos y es lindo volver y ver todo lo que se est\u00e1 haciendo, es importante<br>que vayamos conociendo lo que ha sido la empresa y ver hacia d\u00f3nde va\u201d, afirm\u00f3.<\/p>\n","protected":false},"excerpt":{"rendered":"<p>Con una visita a los talleres de Maestranza en Laredo y los muelles e instalaciones energ\u00e9ticasen Cabo Negro, dirigentes vecinales de Punta Arenas concretaron una primera visita ainstalaciones de Enap&#8230; <a class=\"read-more\" href=\"https:\/\/www.radiopresidenteibanez.cl\/web\/en-cabo-negro-y-laredo-dirigentes-vecinales-conocieron-los-principales-desafios-de-enap-magallanes\/\">Leer m\u00e1s<\/a><\/p>\n","protected":false},"author":2,"featured_media":53747,"comment_status":"closed","ping_status":"closed","sticky":false,"template":"","format":"standard","meta":{"footnotes":""},"categories":[1],"tags":[],"class_list":["post-53746","post","type-post","status-publish","format-standard","has-post-thumbnail","hentry","category-cronica"],"_links":{"self":[{"href":"https:\/\/www.radiopresidenteibanez.cl\/web\/wp-json\/wp\/v2\/posts\/53746","targetHints":{"allow":["GET"]}}],"collection":[{"href":"https:\/\/www.radiopresidenteibanez.cl\/web\/wp-json\/wp\/v2\/posts"}],"about":[{"href":"https:\/\/www.radiopresidenteibanez.cl\/web\/wp-json\/wp\/v2\/types\/post"}],"author":[{"embeddable":true,"href":"https:\/\/www.radiopresidenteibanez.cl\/web\/wp-json\/wp\/v2\/users\/2"}],"replies":[{"embeddable":true,"href":"https:\/\/www.radiopresidenteibanez.cl\/web\/wp-json\/wp\/v2\/comments?post=53746"}],"version-history":[{"count":0,"href":"https:\/\/www.radiopresidenteibanez.cl\/web\/wp-json\/wp\/v2\/posts\/53746\/revisions"}],"wp:featuredmedia":[{"embeddable":true,"href":"https:\/\/www.radiopresidenteibanez.cl\/web\/wp-json\/wp\/v2\/media\/53747"}],"wp:attachment":[{"href":"https:\/\/www.radiopresidenteibanez.cl\/web\/wp-json\/wp\/v2\/media?parent=53746"}],"wp:term":[{"taxonomy":"category","embeddable":true,"href":"https:\/\/www.radiopresidenteibanez.cl\/web\/wp-json\/wp\/v2\/categories?post=53746"},{"taxonomy":"post_tag","embeddable":true,"href":"https:\/\/www.radiopresidenteibanez.cl\/web\/wp-json\/wp\/v2\/tags?post=53746"}],"curies":[{"name":"wp","href":"https:\/\/api.w.org\/{rel}","templated":true}]}}