{"id":53743,"date":"2025-01-17T10:30:29","date_gmt":"2025-01-17T13:30:29","guid":{"rendered":"https:\/\/www.radiopresidenteibanez.cl\/web\/?p=53743"},"modified":"2025-01-17T10:30:51","modified_gmt":"2025-01-17T13:30:51","slug":"edelmag-informa-8","status":"publish","type":"post","link":"https:\/\/www.radiopresidenteibanez.cl\/web\/edelmag-informa-8\/","title":{"rendered":"EDELMAG INFORMA"},"content":{"rendered":"\n<p>En relaci\u00f3n a la interrupci\u00f3n de suministro de energ\u00eda el\u00e9ctrica que afect\u00f3 al sector&nbsp; poniente de la ciudad de Punta Arenas, la Empresa El\u00e9ctrica de Magallanes S.A. informa lo siguiente:<\/p>\n\n\n\n<ul class=\"wp-block-list\">\n<li>Cerca de las 7:00 hrs. se produjo una emergencia debido al choque de un ave contra cables de media tensi\u00f3n, en la intersecci\u00f3n de Paula Jaraquemada y Abel Oyarz\u00fan. \u00a0A ra\u00edz de esto, inicialmente, se vieron afectados 7.328 clientes.<\/li>\n<\/ul>\n\n\n\n<ul class=\"wp-block-list\">\n<li>Los sectores afectados fueron: 18 de Septiembre, 21 de Mayo, Calixto, Diego Portales, El Ping\u00fcino, Dubrasic, Ladrilleros, Loteo del Mar, Carlos Ib\u00e1\u00f1ez, Mons. Boric, Nueva Independencia, Camilo Henr\u00edquez, Villa Sta. In\u00e9s y Costanera del R\u00edo. Incluyendo sector Cerro de la Cruz y Av. Salvador Allende desde Mart\u00ednez de Aldunate hasta el Cerro Mirador donde se ubican antenas de telecomunicaciones. Esto \u00faltimo provoc\u00f3 la interrupci\u00f3n en la transmisi\u00f3n de medios de comunicaci\u00f3n.<\/li>\n<\/ul>\n\n\n\n<ul class=\"wp-block-list\">\n<li>A las 7:54 hrs. se restableci\u00f3 el suministro para 2.221 clientes, a las 8:04 hrs. se recuperaron 1.900 m\u00e1s. Terminando el trabajo de las brigadas de terreno a las 8:38 hrs. con la reposici\u00f3n del servicio el\u00e9ctrico a la totalidad de los clientes.<\/li>\n<\/ul>\n\n\n\n<ul class=\"wp-block-list\">\n<li>Se reitera que se encuentra disponible el Fono Clientes 800 800 400 y la cuenta twitter @edelmag_sos, para consultas. Para una atenci\u00f3n m\u00e1s expedita, es importante que tengan a mano su n\u00famero de cliente que se encuentra impreso en la parte superior de la boleta.<\/li>\n<\/ul>\n","protected":false},"excerpt":{"rendered":"<p>En relaci\u00f3n a la interrupci\u00f3n de suministro de energ\u00eda el\u00e9ctrica que afect\u00f3 al sector&nbsp; poniente de la ciudad de Punta Arenas, la Empresa El\u00e9ctrica de Magallanes S.A. informa lo siguiente:<\/p>\n","protected":false},"author":2,"featured_media":53744,"comment_status":"closed","ping_status":"closed","sticky":false,"template":"","format":"standard","meta":{"footnotes":""},"categories":[1],"tags":[],"class_list":["post-53743","post","type-post","status-publish","format-standard","has-post-thumbnail","hentry","category-cronica"],"_links":{"self":[{"href":"https:\/\/www.radiopresidenteibanez.cl\/web\/wp-json\/wp\/v2\/posts\/53743","targetHints":{"allow":["GET"]}}],"collection":[{"href":"https:\/\/www.radiopresidenteibanez.cl\/web\/wp-json\/wp\/v2\/posts"}],"about":[{"href":"https:\/\/www.radiopresidenteibanez.cl\/web\/wp-json\/wp\/v2\/types\/post"}],"author":[{"embeddable":true,"href":"https:\/\/www.radiopresidenteibanez.cl\/web\/wp-json\/wp\/v2\/users\/2"}],"replies":[{"embeddable":true,"href":"https:\/\/www.radiopresidenteibanez.cl\/web\/wp-json\/wp\/v2\/comments?post=53743"}],"version-history":[{"count":0,"href":"https:\/\/www.radiopresidenteibanez.cl\/web\/wp-json\/wp\/v2\/posts\/53743\/revisions"}],"wp:featuredmedia":[{"embeddable":true,"href":"https:\/\/www.radiopresidenteibanez.cl\/web\/wp-json\/wp\/v2\/media\/53744"}],"wp:attachment":[{"href":"https:\/\/www.radiopresidenteibanez.cl\/web\/wp-json\/wp\/v2\/media?parent=53743"}],"wp:term":[{"taxonomy":"category","embeddable":true,"href":"https:\/\/www.radiopresidenteibanez.cl\/web\/wp-json\/wp\/v2\/categories?post=53743"},{"taxonomy":"post_tag","embeddable":true,"href":"https:\/\/www.radiopresidenteibanez.cl\/web\/wp-json\/wp\/v2\/tags?post=53743"}],"curies":[{"name":"wp","href":"https:\/\/api.w.org\/{rel}","templated":true}]}}