{"id":5371,"date":"2019-06-27T20:21:13","date_gmt":"2019-06-27T20:21:13","guid":{"rendered":"http:\/\/www.radiopresidenteibanez.cl\/web\/?p=5371"},"modified":"2019-06-27T20:21:38","modified_gmt":"2019-06-27T20:21:38","slug":"asociacion-de-ganadero-de-tierra-del-fuego-preocupacion-por-resultado-de-audiencia-de-formulacion-de-cargos","status":"publish","type":"post","link":"https:\/\/www.radiopresidenteibanez.cl\/web\/asociacion-de-ganadero-de-tierra-del-fuego-preocupacion-por-resultado-de-audiencia-de-formulacion-de-cargos\/","title":{"rendered":"ASOCIACION DE GANADERO DE TIERRA DEL FUEGO: PREOCUPACI\u00d3N POR RESULTADO DE AUDIENCIA DE FORMULACI\u00d3N DE CARGOS"},"content":{"rendered":"\n<p>Como Asociaci\u00f3n\nde ganaderos de tierra del fuego, vemos con gran preocupaci\u00f3n el resultado de\nla audiencia de presentaci\u00f3n de cargos contra los cinco detenidos por el delito\nde abigeato en porvenir. Nos parece incre\u00edble que el juez Franco Reyes haya\nrechazado la prisi\u00f3n preventiva para los&nbsp;\nhermanos Wladimiro, Andr\u00e9s y Miguel Gallardo poll, Jorge Gallardo\nGuerrero y Johnatan Cayupel, quienes conforman una verdadera banda delictual\ndedicada al abigeato, que opera desde hace muchos a\u00f1os a vista y paciencia de\ntoda la comunidad y autoridades fueguinas. <\/p>\n\n\n\n<p>Las pruebas\npresentadas por la fiscal\u00eda eran contundentes, justificando claramente que los\ndetenidos se mantuvieran en prisi\u00f3n preventiva mientras se desarrolla la\ninvestigaci\u00f3n de este caso. <\/p>\n\n\n\n<p>De esta forma\ntodo el trabajo realizado por la fiscal\u00eda, carabineros y el Servicio Agr\u00edcola\nganadero se ve pasado a llevar por la resoluci\u00f3n tomada, no sabemos en base a\nque, por el juez Reyes.<\/p>\n\n\n\n<p>El Hecho de que\nlos animales revisados, m\u00e1s de 2600, presentaran en total 87 se\u00f1ales o marcas\nde&nbsp; diferentes propietarios, muchas de\nellas modificadas indica claramente c\u00f3mo opera esta banda afectando a un gran\nn\u00famero de ganaderos.<\/p>\n\n\n\n<p>Es importante\nse\u00f1alar que hoy d\u00eda, seg\u00fan cifras oficiales, la provincia de tierra del fuego\nconcentra m\u00e1s del 60 por ciento de los delitos de abigeato ovino del pa\u00eds, lo\ncual representa un serio problema para el desarrollo productivo de nuestra\nactividad ganadera, generando p\u00e9rdidas cercana a un millon de d\u00f3lares anuales.<\/p>\n\n\n\n<p>Finalmente esperamos que los resultados de la apelaci\u00f3n que la fiscal\u00eda realizar\u00e1, rectifique el grave error, que a nuestro juicio a cometido el juez Reyes y de una vez por todas la justicia se ponga del lado de las v\u00edctimas y no de los delincuentes.<\/p>\n\n\n\n<figure class=\"wp-block-image\"><img loading=\"lazy\" decoding=\"async\" width=\"1024\" height=\"768\" src=\"https:\/\/www.radiopresidenteibanez.cl\/web\/wp-content\/uploads\/2019\/06\/PHOTO-2019-05-07-23-23-04-1-1024x768.jpg\" alt=\"\" class=\"wp-image-5372\" srcset=\"https:\/\/www.radiopresidenteibanez.cl\/web\/wp-content\/uploads\/2019\/06\/PHOTO-2019-05-07-23-23-04-1-1024x768.jpg 1024w, https:\/\/www.radiopresidenteibanez.cl\/web\/wp-content\/uploads\/2019\/06\/PHOTO-2019-05-07-23-23-04-1-300x225.jpg 300w, https:\/\/www.radiopresidenteibanez.cl\/web\/wp-content\/uploads\/2019\/06\/PHOTO-2019-05-07-23-23-04-1-768x576.jpg 768w, https:\/\/www.radiopresidenteibanez.cl\/web\/wp-content\/uploads\/2019\/06\/PHOTO-2019-05-07-23-23-04-1.jpg 1280w\" sizes=\"auto, (max-width: 1024px) 100vw, 1024px\" \/><\/figure>\n","protected":false},"excerpt":{"rendered":"<p>Como Asociaci\u00f3n de ganaderos de tierra del fuego, vemos con gran preocupaci\u00f3n el resultado de la audiencia de presentaci\u00f3n de cargos contra los cinco detenidos por el delito de abigeato&#8230; <a class=\"read-more\" href=\"https:\/\/www.radiopresidenteibanez.cl\/web\/asociacion-de-ganadero-de-tierra-del-fuego-preocupacion-por-resultado-de-audiencia-de-formulacion-de-cargos\/\">Leer m\u00e1s<\/a><\/p>\n","protected":false},"author":2,"featured_media":5372,"comment_status":"closed","ping_status":"closed","sticky":false,"template":"","format":"standard","meta":{"footnotes":""},"categories":[1],"tags":[],"class_list":["post-5371","post","type-post","status-publish","format-standard","has-post-thumbnail","hentry","category-cronica"],"_links":{"self":[{"href":"https:\/\/www.radiopresidenteibanez.cl\/web\/wp-json\/wp\/v2\/posts\/5371","targetHints":{"allow":["GET"]}}],"collection":[{"href":"https:\/\/www.radiopresidenteibanez.cl\/web\/wp-json\/wp\/v2\/posts"}],"about":[{"href":"https:\/\/www.radiopresidenteibanez.cl\/web\/wp-json\/wp\/v2\/types\/post"}],"author":[{"embeddable":true,"href":"https:\/\/www.radiopresidenteibanez.cl\/web\/wp-json\/wp\/v2\/users\/2"}],"replies":[{"embeddable":true,"href":"https:\/\/www.radiopresidenteibanez.cl\/web\/wp-json\/wp\/v2\/comments?post=5371"}],"version-history":[{"count":0,"href":"https:\/\/www.radiopresidenteibanez.cl\/web\/wp-json\/wp\/v2\/posts\/5371\/revisions"}],"wp:featuredmedia":[{"embeddable":true,"href":"https:\/\/www.radiopresidenteibanez.cl\/web\/wp-json\/wp\/v2\/media\/5372"}],"wp:attachment":[{"href":"https:\/\/www.radiopresidenteibanez.cl\/web\/wp-json\/wp\/v2\/media?parent=5371"}],"wp:term":[{"taxonomy":"category","embeddable":true,"href":"https:\/\/www.radiopresidenteibanez.cl\/web\/wp-json\/wp\/v2\/categories?post=5371"},{"taxonomy":"post_tag","embeddable":true,"href":"https:\/\/www.radiopresidenteibanez.cl\/web\/wp-json\/wp\/v2\/tags?post=5371"}],"curies":[{"name":"wp","href":"https:\/\/api.w.org\/{rel}","templated":true}]}}