{"id":53708,"date":"2025-01-16T15:12:00","date_gmt":"2025-01-16T18:12:00","guid":{"rendered":"https:\/\/www.radiopresidenteibanez.cl\/web\/?p=53708"},"modified":"2025-01-16T11:12:42","modified_gmt":"2025-01-16T14:12:42","slug":"seremi-compartio-lineas-de-trabajo-con-nueva-directora-regional-del-registro-civil","status":"publish","type":"post","link":"https:\/\/www.radiopresidenteibanez.cl\/web\/seremi-compartio-lineas-de-trabajo-con-nueva-directora-regional-del-registro-civil\/","title":{"rendered":"SEREMI COMPARTI\u00d3 L\u00cdNEAS DE TRABAJO CON NUEVA DIRECTORA REGIONAL DEL REGISTRO CIVIL"},"content":{"rendered":"\n<p>Procedente de la Regi\u00f3n de los R\u00edos, arrib\u00f3 el pasado viernes a Magallanes la nueva Directora<br>Regional del Servicio de Registro Civil e Identificaci\u00f3n, Lorena Bustamante N\u00fa\u00f1ez, quien en una de<br>sus primeras actividades tras asumir comparti\u00f3 un saludo protocolar el lunes con la Seremi de<br>Justicia y Derechos Humanos, Michelle Peutat Alvarado.<br>De profesi\u00f3n ingeniera comercial de la Universidad Austral de Chile, la flamante autoridad del<br>Registro Civil es mag\u00edster en Planificaci\u00f3n Estrat\u00e9gica y Gesti\u00f3n de Proyectos, con una extensa<br>experiencia en el mundo p\u00fablico y privado. Entre 2008 y 2018, Lorena Bustamante ejerci\u00f3 como<br>directora regional del Servicio Nacional del Consumidor en la Regi\u00f3n de los R\u00edos, y los a\u00f1os<br>posteriores como docente de la carrera de Gesti\u00f3n P\u00fablica.<br>La profesional se mostr\u00f3 muy empapada de esta regi\u00f3n, en la que tiene familiares y ha compartido lindos momentos, por lo que viene con mucha energ\u00eda y motivaci\u00f3n para \u201cdesplegar el Registro Civil como lo ha hecho hasta ahora en la regi\u00f3n, de seguir con sus planes y programas y tambi\u00e9n en un trabajo muy ligado con las autoridades, para mostrar y llevar a los usuarios realmente el servicio que requieren\u201d.<br>Como servicio se\u00f1al\u00f3 que siempre al Registro Civil se le plantean desaf\u00edos importantes, \u201cy me he<br>encontrado con un equipo muy comprometido, con mucha experiencia que ha llevado un programa de trabajo impecable en la regi\u00f3n\u201d, por lo que se mostr\u00f3 disponible para apoyar e interrelacionar el servicio de la mejor manera con el nivel central en su rol como director. Tras esta cita, que calific\u00f3 de fruct\u00edfera, se mostr\u00f3 muy contenta de conocer a la autoridad y abordar diversas ideas de actividades a desarrollar durante el a\u00f1o, resaltando adem\u00e1s la coordinaci\u00f3n con los otros servicios de la cartera.<br>Por su parte, la Seremi Michelle Peutat resalt\u00f3 este primer contacto sostenido con la nueva<br>autoridad, al permitirles proyectar un trabajo articulado en equipo, buscando brindar una<br>experiencia de servicio expedita, a\u00fan m\u00e1s cercana y vinculada con todo el territorio regional.<br>\u201cConversamos sobre proyectos a ejecutar durante este a\u00f1o como la posibilidad de contar c\u00e9dulas<br>gratuitas para grupos de especial protecci\u00f3n dentro de la regi\u00f3n\u201d, agreg\u00f3 la autoridad del ramo.<\/p>\n\n\n\n<p>Asimismo, valor\u00f3 el poder sumar la valiosa experiencia de la nueva directora regional en materias<br>p\u00fablicas y calidad de atenci\u00f3n, dese\u00e1ndole un auspicioso cometido en su gesti\u00f3n que reci\u00e9n<br>comienza en esta cabecera regional.<\/p>\n","protected":false},"excerpt":{"rendered":"<p>Procedente de la Regi\u00f3n de los R\u00edos, arrib\u00f3 el pasado viernes a Magallanes la nueva DirectoraRegional del Servicio de Registro Civil e Identificaci\u00f3n, Lorena Bustamante N\u00fa\u00f1ez, quien en una desus&#8230; <a class=\"read-more\" href=\"https:\/\/www.radiopresidenteibanez.cl\/web\/seremi-compartio-lineas-de-trabajo-con-nueva-directora-regional-del-registro-civil\/\">Leer m\u00e1s<\/a><\/p>\n","protected":false},"author":2,"featured_media":53709,"comment_status":"closed","ping_status":"closed","sticky":false,"template":"","format":"standard","meta":{"footnotes":""},"categories":[1],"tags":[],"class_list":["post-53708","post","type-post","status-publish","format-standard","has-post-thumbnail","hentry","category-cronica"],"_links":{"self":[{"href":"https:\/\/www.radiopresidenteibanez.cl\/web\/wp-json\/wp\/v2\/posts\/53708","targetHints":{"allow":["GET"]}}],"collection":[{"href":"https:\/\/www.radiopresidenteibanez.cl\/web\/wp-json\/wp\/v2\/posts"}],"about":[{"href":"https:\/\/www.radiopresidenteibanez.cl\/web\/wp-json\/wp\/v2\/types\/post"}],"author":[{"embeddable":true,"href":"https:\/\/www.radiopresidenteibanez.cl\/web\/wp-json\/wp\/v2\/users\/2"}],"replies":[{"embeddable":true,"href":"https:\/\/www.radiopresidenteibanez.cl\/web\/wp-json\/wp\/v2\/comments?post=53708"}],"version-history":[{"count":0,"href":"https:\/\/www.radiopresidenteibanez.cl\/web\/wp-json\/wp\/v2\/posts\/53708\/revisions"}],"wp:featuredmedia":[{"embeddable":true,"href":"https:\/\/www.radiopresidenteibanez.cl\/web\/wp-json\/wp\/v2\/media\/53709"}],"wp:attachment":[{"href":"https:\/\/www.radiopresidenteibanez.cl\/web\/wp-json\/wp\/v2\/media?parent=53708"}],"wp:term":[{"taxonomy":"category","embeddable":true,"href":"https:\/\/www.radiopresidenteibanez.cl\/web\/wp-json\/wp\/v2\/categories?post=53708"},{"taxonomy":"post_tag","embeddable":true,"href":"https:\/\/www.radiopresidenteibanez.cl\/web\/wp-json\/wp\/v2\/tags?post=53708"}],"curies":[{"name":"wp","href":"https:\/\/api.w.org\/{rel}","templated":true}]}}