{"id":537,"date":"2019-01-17T17:45:50","date_gmt":"2019-01-17T17:45:50","guid":{"rendered":"http:\/\/www.radiopresidenteibanez.cl\/web\/?p=537"},"modified":"2019-01-17T17:45:54","modified_gmt":"2019-01-17T17:45:54","slug":"puerto-natales-recibira-una-nueva-version-de-las-escuelas-de-capacitacion-de-verano-de-la-achm","status":"publish","type":"post","link":"https:\/\/www.radiopresidenteibanez.cl\/web\/puerto-natales-recibira-una-nueva-version-de-las-escuelas-de-capacitacion-de-verano-de-la-achm\/","title":{"rendered":"PUERTO NATALES RECIBIR\u00c1 UNA NUEVA VERSI\u00d3N DE LAS ESCUELAS DE CAPACITACI\u00d3N DE VERANO DE LA ACHM"},"content":{"rendered":"\n<p>Hasta Puerto Natales, en la regi\u00f3n de Magallanes, llegar\u00e1n m\u00e1s de un centenar de Alcaldes, Alcaldesas, Concejales, Concejalas, Funcionarios y Funcionarias Municipales de todo el pa\u00eds, quienes asistir\u00e1n a una nueva versi\u00f3n de las Escuelas de Capacitaci\u00f3n de Verano de la Asociaci\u00f3n Chilena de Municipalidades (AChM), que se realizar\u00e1 en la capital de la Provincia de \u00daltima Esperanza, entre el lunes 21 y el viernes 25 de enero.<\/p>\n\n\n\n<p>La AChM, como es tradici\u00f3n en sus 25 a\u00f1os de historia, desarrollar\u00e1 a lo largo y ancho de Chile diversos cursos dirigidos al mundo municipal, con el objetivo de actualizar los conocimientos de sus autoridades y funcionarios, dando a conocer los m\u00faltiples avances que se han desarrollado en el \u00faltimo tiempo en materia de legislaci\u00f3n municipal y gobiernos locales.<\/p>\n\n\n\n<p>El curso que se desarrollar\u00e1 en Natales, lleva por t\u00edtulo: \u201cFomento Productivo y Turismo como Ejes del Desarrollo Local\u201d, el cual se realizara en el Hotel Costaustralis.<\/p>\n\n\n\n<p>\u201cDurante todos estos a\u00f1os, la Asociaci\u00f3n Chilena de Municipalidades ha venido creciendo y aumentando el n\u00famero de capacitaciones que entregamos a nuestros alcaldes, concejales, concejalas y alcaldesas, y adem\u00e1s, a los funcionarios municipales\u201d, indica Felipe Delpin, Presidente de la AChM.<\/p>\n\n\n\n<p>\u201cEsperamos que las escuelas de verano sean una jornada provechosa para sus asistentes, y, en especial, sea de beneficio para las comunidades y los vecinos de cada una de las comunas de Chile\u201d, agreg\u00f3 Delpin.<\/p>\n\n\n\n<p>Por su parte, Fernando Paredes, Alcalde de Natales y Secretario General de la AChM, destaco la importancia de este seminario se\u00f1alando que \u201csiempre la capacitaci\u00f3n es oportuna, el mundo de hoy nos exige actualizarnos como autoridades locales\u201d agregando \u201cpara Natales, que se realicen este tipo de seminarios, da una clara se\u00f1al que nuestra ciudad est\u00e1 m\u00e1s que preparada para recibir a una cantidad no menor de autoridades locales, entre ellos alcaldes y concejales, lo que por otra parte, nos ayuda a mover nuestra econom\u00eda\u201d. &nbsp;&nbsp;<\/p>\n\n\n\n<p>Las Escuelas de Capacitaci\u00f3n Municipal de Verano de la Asociaci\u00f3n Chilena de Municipalidades se desarrollar\u00e1n en Arica, Santiago, Vi\u00f1a del Mar, Ancud, Puerto Natales y Puerto Varas, capacitando a m\u00e1s de 500 alcaldes, concejales y funcionarios municipales, provenientes de todas las comunas del pa\u00eds.<\/p>\n","protected":false},"excerpt":{"rendered":"<p>Hasta Puerto Natales, en la regi\u00f3n de Magallanes, llegar\u00e1n m\u00e1s de un centenar de Alcaldes, Alcaldesas, Concejales, Concejalas, Funcionarios y Funcionarias Municipales de todo el pa\u00eds, quienes asistir\u00e1n a una&#8230; <a class=\"read-more\" href=\"https:\/\/www.radiopresidenteibanez.cl\/web\/puerto-natales-recibira-una-nueva-version-de-las-escuelas-de-capacitacion-de-verano-de-la-achm\/\">Leer m\u00e1s<\/a><\/p>\n","protected":false},"author":2,"featured_media":538,"comment_status":"closed","ping_status":"closed","sticky":false,"template":"","format":"standard","meta":{"footnotes":""},"categories":[1],"tags":[],"class_list":["post-537","post","type-post","status-publish","format-standard","has-post-thumbnail","hentry","category-cronica"],"_links":{"self":[{"href":"https:\/\/www.radiopresidenteibanez.cl\/web\/wp-json\/wp\/v2\/posts\/537","targetHints":{"allow":["GET"]}}],"collection":[{"href":"https:\/\/www.radiopresidenteibanez.cl\/web\/wp-json\/wp\/v2\/posts"}],"about":[{"href":"https:\/\/www.radiopresidenteibanez.cl\/web\/wp-json\/wp\/v2\/types\/post"}],"author":[{"embeddable":true,"href":"https:\/\/www.radiopresidenteibanez.cl\/web\/wp-json\/wp\/v2\/users\/2"}],"replies":[{"embeddable":true,"href":"https:\/\/www.radiopresidenteibanez.cl\/web\/wp-json\/wp\/v2\/comments?post=537"}],"version-history":[{"count":0,"href":"https:\/\/www.radiopresidenteibanez.cl\/web\/wp-json\/wp\/v2\/posts\/537\/revisions"}],"wp:featuredmedia":[{"embeddable":true,"href":"https:\/\/www.radiopresidenteibanez.cl\/web\/wp-json\/wp\/v2\/media\/538"}],"wp:attachment":[{"href":"https:\/\/www.radiopresidenteibanez.cl\/web\/wp-json\/wp\/v2\/media?parent=537"}],"wp:term":[{"taxonomy":"category","embeddable":true,"href":"https:\/\/www.radiopresidenteibanez.cl\/web\/wp-json\/wp\/v2\/categories?post=537"},{"taxonomy":"post_tag","embeddable":true,"href":"https:\/\/www.radiopresidenteibanez.cl\/web\/wp-json\/wp\/v2\/tags?post=537"}],"curies":[{"name":"wp","href":"https:\/\/api.w.org\/{rel}","templated":true}]}}