{"id":53685,"date":"2025-01-15T08:55:00","date_gmt":"2025-01-15T11:55:00","guid":{"rendered":"https:\/\/www.radiopresidenteibanez.cl\/web\/?p=53685"},"modified":"2025-01-15T11:28:22","modified_gmt":"2025-01-15T14:28:22","slug":"alejandro-goich-barria-nuevo-seremi-de-transporte-y-telecomunicaciones","status":"publish","type":"post","link":"https:\/\/www.radiopresidenteibanez.cl\/web\/alejandro-goich-barria-nuevo-seremi-de-transporte-y-telecomunicaciones\/","title":{"rendered":"ALEJANDRO GOICH BARRIA, NUEVO SEREMI DE TRANSPORTE Y TELECOMUNICACIONES"},"content":{"rendered":"\n<p>El Ministerio de Transportes y Telecomunicaciones informa que Alejandro Mauricio Goich Barr\u00eda asumir\u00e1 como Secretario Regional Ministerial en la regi\u00f3n de Magallanes y de la Ant\u00e1rtica Chilena a contar de este mi\u00e9rcoles 15 de enero de 2025.<br>Goich Barr\u00eda es ingeniero en Administraci\u00f3n de Empresas de la Universidad Tecnol\u00f3gica de Chile (Inacap), mag\u00edster en Gesti\u00f3n de Organizaciones de la Universidad de Magallanes, diplomado en Gesti\u00f3n y Planificaci\u00f3n Estrat\u00e9gica de la Pontificia Universidad Cat\u00f3lica de Chile, diplomado en Gesti\u00f3n P\u00fablica de la Universidad del Desarrollo y diplomado en Administraci\u00f3n y Direcci\u00f3n de Empresas de la Universidad de Magallanes.<br>Recientemente ejerc\u00eda labores como profesional de Contabilidad en la Divisi\u00f3n de<br>Administraci\u00f3n y Finanzas de la Delegaci\u00f3n Presidencial Regional de Magallanes.<br>Tambi\u00e9n se ha desempe\u00f1ado como director regional de Planeamiento en la<br>Secretar\u00eda Regional Ministerial de Obras P\u00fablicas, jefe de la Unidad de Gesti\u00f3n<br>Administrativa en la Secretar\u00eda Regional Ministerial de Salud y jefe de<br>Administraci\u00f3n y Control de Gesti\u00f3n en la Direcci\u00f3n Regional de la Corporaci\u00f3n de<br>Fomento de la Producci\u00f3n (Corfo).<br>El Ministerio de Transportes y Telecomunicaciones agradece y reconoce el<br>compromiso y la labor efectuada por Rodrigo Heriberto Hern\u00e1ndez Navarro durante<br>el per\u00edodo en que ocup\u00f3 el cargo, dese\u00e1ndole el mayor de los \u00e9xitos en sus pr\u00f3ximos<br>desaf\u00edos.<\/p>\n","protected":false},"excerpt":{"rendered":"<p>El Ministerio de Transportes y Telecomunicaciones informa que Alejandro Mauricio Goich Barr\u00eda asumir\u00e1 como Secretario Regional Ministerial en la regi\u00f3n de Magallanes y de la Ant\u00e1rtica Chilena a contar de&#8230; <a class=\"read-more\" href=\"https:\/\/www.radiopresidenteibanez.cl\/web\/alejandro-goich-barria-nuevo-seremi-de-transporte-y-telecomunicaciones\/\">Leer m\u00e1s<\/a><\/p>\n","protected":false},"author":2,"featured_media":53686,"comment_status":"closed","ping_status":"closed","sticky":false,"template":"","format":"standard","meta":{"footnotes":""},"categories":[1],"tags":[],"class_list":["post-53685","post","type-post","status-publish","format-standard","has-post-thumbnail","hentry","category-cronica"],"_links":{"self":[{"href":"https:\/\/www.radiopresidenteibanez.cl\/web\/wp-json\/wp\/v2\/posts\/53685","targetHints":{"allow":["GET"]}}],"collection":[{"href":"https:\/\/www.radiopresidenteibanez.cl\/web\/wp-json\/wp\/v2\/posts"}],"about":[{"href":"https:\/\/www.radiopresidenteibanez.cl\/web\/wp-json\/wp\/v2\/types\/post"}],"author":[{"embeddable":true,"href":"https:\/\/www.radiopresidenteibanez.cl\/web\/wp-json\/wp\/v2\/users\/2"}],"replies":[{"embeddable":true,"href":"https:\/\/www.radiopresidenteibanez.cl\/web\/wp-json\/wp\/v2\/comments?post=53685"}],"version-history":[{"count":0,"href":"https:\/\/www.radiopresidenteibanez.cl\/web\/wp-json\/wp\/v2\/posts\/53685\/revisions"}],"wp:featuredmedia":[{"embeddable":true,"href":"https:\/\/www.radiopresidenteibanez.cl\/web\/wp-json\/wp\/v2\/media\/53686"}],"wp:attachment":[{"href":"https:\/\/www.radiopresidenteibanez.cl\/web\/wp-json\/wp\/v2\/media?parent=53685"}],"wp:term":[{"taxonomy":"category","embeddable":true,"href":"https:\/\/www.radiopresidenteibanez.cl\/web\/wp-json\/wp\/v2\/categories?post=53685"},{"taxonomy":"post_tag","embeddable":true,"href":"https:\/\/www.radiopresidenteibanez.cl\/web\/wp-json\/wp\/v2\/tags?post=53685"}],"curies":[{"name":"wp","href":"https:\/\/api.w.org\/{rel}","templated":true}]}}