{"id":5368,"date":"2019-06-27T19:47:03","date_gmt":"2019-06-27T19:47:03","guid":{"rendered":"http:\/\/www.radiopresidenteibanez.cl\/web\/?p=5368"},"modified":"2019-06-27T19:47:37","modified_gmt":"2019-06-27T19:47:37","slug":"adultos-mayores-y-jovenes-de-natales-participaron-de-la-primera-version-de-la-mateada-intergeneracional","status":"publish","type":"post","link":"https:\/\/www.radiopresidenteibanez.cl\/web\/adultos-mayores-y-jovenes-de-natales-participaron-de-la-primera-version-de-la-mateada-intergeneracional\/","title":{"rendered":"ADULTOS MAYORES Y JOVENES DE NATALES PARTICIPARON DE LA PRIMERA VERSI\u00d3N DE LA \u201cMATEADA INTERGENERACIONAL\u201d"},"content":{"rendered":"\n<p>En dependencias del Liceo Polit\u00e9cnico\nLuis Cruz Mart\u00ednez se realiz\u00f3 la primera versi\u00f3n de la \u201cMateada\nIntergeneracional\u201d, evento organizado por el Servicio Nacional del Adulto Mayor\n(Senama), Gobernaci\u00f3n de \u00daltima Esperanza y la Ilustre Municipalidad de Natales\ncon el objetivo de fomentar el buen trato a los vecinos de tercera de edad de\nla capital provincial.<\/p>\n\n\n\n<p>En la ocasi\u00f3n, los abuelitos pudieron disfrutar de variadas din\u00e1micas participativas en compa\u00f1\u00eda de j\u00f3venes estudiantes de la especialidad de enfermer\u00eda del Liceo Polit\u00e9cnico, quienes compartieron sus vivencias diarias acompa\u00f1ados de un mate y sopaipillas con pebre, degustaciones gastron\u00f3micas tradicionales de nuestra regi\u00f3n.<\/p>\n\n\n\n<p>\u201cEsta hermosa actividad se encuentra enmarcada en la celebraci\u00f3n del mes del buen trato a nuestros adultos mayores y se realiz\u00f3 con la finalidad de ense\u00f1ar a los j\u00f3venes la importancia de respetar y aprender de las experiencias de los abuelitos de nuestra Provincia. Creemos, firmemente, que la buena convivencia entre las generaciones es un pilar fundamental a la hora de construir una sociedad mejor, tal como lo refleja el programa \u201cAdulto Mejor\u201d, impulsado por nuestra Primera Dama, Cecilia Morel\u201d, se\u00f1al\u00f3 Ana Mayorga Bahamonde, m\u00e1xima autoridad provincial. <\/p>\n\n\n\n<p>Por otra parte, la presidenta de la\nUni\u00f3n Comunal del Adulto Mayor de Natales (UCAM), Gaby de Freitas, agradeci\u00f3 a\nlas entidades que organizaron dicha mateada indicando que \u201ces una linda\niniciativa que deber\u00eda realizarse m\u00e1s seguido. Los j\u00f3venes pudieron escuchar\nnuestras experiencias y consejos, ellos reci\u00e9n est\u00e1n comenzando a vivir y es\nmuy importante guiarlos con nuestro granito de arena. Algo hemos aprendido\ndurante estos a\u00f1os\u201d, indic\u00f3 una distendida de Freitas.<\/p>\n\n\n\n<p>Hasta el lugar, tambi\u00e9n llegaron los representantes del Concejo Municipal de Natales, liderados por el alcalde, Fernando Paredes Mansilla, quienes se dieron un tiempo para compartir un mate con los asistentes antes de comenzar una nueva sesi\u00f3n del concejo.<\/p>\n\n\n\n<p>\u201cRecordar que en nuestra comuna prevalece, en t\u00e9rminos de cantidad de habitantes, el segmento de los adultos mayores y sigue en aumento, es por esto, que es importante que ellos vean y sientan que son una arista importante de nuestra gesti\u00f3n. La idea, de ahora en adelante, es seguir organizando este tipo de actividades para que nuestra comunidad aprenda a valorar y respetar a nuestros abuelitos\u201d, enfatiz\u00f3 la m\u00e1xima autoridad comunal.<\/p>\n\n\n\n<p>La primera versi\u00f3n de la \u201cMateada Intergeneracional\u201d finaliz\u00f3 con la presentaci\u00f3n del grupo musical Buen Pastor, conjunto folcl\u00f3rico natalino compuesto, precisamente, de adultos mayores, quienes hicieron cantar y bailar a los asistentes al ritmo de los corridos y las rancheras.<\/p>\n\n\n\n<figure class=\"wp-block-image\"><img loading=\"lazy\" decoding=\"async\" width=\"800\" height=\"450\" src=\"https:\/\/www.radiopresidenteibanez.cl\/web\/wp-content\/uploads\/2019\/06\/IMG_1789.jpg\" alt=\"\" class=\"wp-image-5369\" srcset=\"https:\/\/www.radiopresidenteibanez.cl\/web\/wp-content\/uploads\/2019\/06\/IMG_1789.jpg 800w, https:\/\/www.radiopresidenteibanez.cl\/web\/wp-content\/uploads\/2019\/06\/IMG_1789-300x169.jpg 300w, https:\/\/www.radiopresidenteibanez.cl\/web\/wp-content\/uploads\/2019\/06\/IMG_1789-768x432.jpg 768w\" sizes=\"auto, (max-width: 800px) 100vw, 800px\" \/><\/figure>\n","protected":false},"excerpt":{"rendered":"<p>En dependencias del Liceo Polit\u00e9cnico Luis Cruz Mart\u00ednez se realiz\u00f3 la primera versi\u00f3n de la \u201cMateada Intergeneracional\u201d, evento organizado por el Servicio Nacional del Adulto Mayor (Senama), Gobernaci\u00f3n de \u00daltima&#8230; <a class=\"read-more\" href=\"https:\/\/www.radiopresidenteibanez.cl\/web\/adultos-mayores-y-jovenes-de-natales-participaron-de-la-primera-version-de-la-mateada-intergeneracional\/\">Leer m\u00e1s<\/a><\/p>\n","protected":false},"author":2,"featured_media":5369,"comment_status":"closed","ping_status":"closed","sticky":false,"template":"","format":"standard","meta":{"footnotes":""},"categories":[1],"tags":[],"class_list":["post-5368","post","type-post","status-publish","format-standard","has-post-thumbnail","hentry","category-cronica"],"_links":{"self":[{"href":"https:\/\/www.radiopresidenteibanez.cl\/web\/wp-json\/wp\/v2\/posts\/5368","targetHints":{"allow":["GET"]}}],"collection":[{"href":"https:\/\/www.radiopresidenteibanez.cl\/web\/wp-json\/wp\/v2\/posts"}],"about":[{"href":"https:\/\/www.radiopresidenteibanez.cl\/web\/wp-json\/wp\/v2\/types\/post"}],"author":[{"embeddable":true,"href":"https:\/\/www.radiopresidenteibanez.cl\/web\/wp-json\/wp\/v2\/users\/2"}],"replies":[{"embeddable":true,"href":"https:\/\/www.radiopresidenteibanez.cl\/web\/wp-json\/wp\/v2\/comments?post=5368"}],"version-history":[{"count":0,"href":"https:\/\/www.radiopresidenteibanez.cl\/web\/wp-json\/wp\/v2\/posts\/5368\/revisions"}],"wp:featuredmedia":[{"embeddable":true,"href":"https:\/\/www.radiopresidenteibanez.cl\/web\/wp-json\/wp\/v2\/media\/5369"}],"wp:attachment":[{"href":"https:\/\/www.radiopresidenteibanez.cl\/web\/wp-json\/wp\/v2\/media?parent=5368"}],"wp:term":[{"taxonomy":"category","embeddable":true,"href":"https:\/\/www.radiopresidenteibanez.cl\/web\/wp-json\/wp\/v2\/categories?post=5368"},{"taxonomy":"post_tag","embeddable":true,"href":"https:\/\/www.radiopresidenteibanez.cl\/web\/wp-json\/wp\/v2\/tags?post=5368"}],"curies":[{"name":"wp","href":"https:\/\/api.w.org\/{rel}","templated":true}]}}