{"id":53650,"date":"2025-01-14T16:57:00","date_gmt":"2025-01-14T19:57:00","guid":{"rendered":"https:\/\/www.radiopresidenteibanez.cl\/web\/?p=53650"},"modified":"2025-01-14T11:25:57","modified_gmt":"2025-01-14T14:25:57","slug":"integrantes-del-programa-nacional-de-ciencia-antartica-llegan-al-continente-blanco-en-la-primera-travesia-del-rompehielos-oscar-viel","status":"publish","type":"post","link":"https:\/\/www.radiopresidenteibanez.cl\/web\/integrantes-del-programa-nacional-de-ciencia-antartica-llegan-al-continente-blanco-en-la-primera-travesia-del-rompehielos-oscar-viel\/","title":{"rendered":"Integrantes del Programa Nacional de Ciencia Ant\u00e1rtica llegan al Continente Blanco en la primera traves\u00eda del rompehielos\u00a0\u00d3scar Viel\u00a0"},"content":{"rendered":"\n<p>El nuevo rompehielos&nbsp;<em>Almirante \u00d3scar Viel<\/em>, de la Armada de Chile, comenz\u00f3 su aventura polar con su primera recalada en el Continente Blanco. El nav\u00edo ant\u00e1rtico lleg\u00f3 el domingo 12 de enero hasta isla Rey Jorge. A bordo viajan investigadores e investigadoras pertenecientes al Programa Nacional de Ciencia Ant\u00e1rtica (PROCIEN), coordinado por el Instituto Ant\u00e1rtico Chileno (INACH).&nbsp;<\/p>\n\n\n\n<p>En este primer zarpe desde Punta Arenas est\u00e1n Marcelo Gonz\u00e1lez, bi\u00f3logo del INACH y director del proyecto NODO Ant\u00e1rtico, Luis Valent\u00edn Ferrada de la Universidad de Chile e Instituto Milenio BASE, Jos\u00e9 Luis Iriarte de la Universidad Austral de Chile y Centro IDEAL, y Rosario Vargas, investigadora de la Universidad Mayor.<\/p>\n\n\n\n<p>Gonz\u00e1lez, especialista en contaminantes de micropl\u00e1sticos, se\u00f1ala que \u201cel poder participar de este primer viaje del nuevo rompehielos, representa una gran oportunidad para apreciar las capacidades de investigaci\u00f3n que tiene el buque y que esperamos las pueda desplegar en su totalidad en la pr\u00f3xima temporada con una campa\u00f1a cient\u00edfica dedicada en el oc\u00e9ano Austral. Por otra parte, es relevante que esta primera comisi\u00f3n se dirija al mar de Weddell, donde nuestro pa\u00eds no ha tenido una actividad cient\u00edfica constante en el tiempo\u201d.<\/p>\n\n\n\n<p>\u201cEste es un hito hist\u00f3rico en la acci\u00f3n ant\u00e1rtica nacional. Las capacidades que \u00e9l ofrece y que van a ser probadas en esta expedici\u00f3n, permitir\u00e1n hacer ciencia de una mejor manera, con laboratorios a bordo y en \u00e9pocas del a\u00f1o y lugares donde hoy no pod\u00edamos hacerlo. Pero tambi\u00e9n es relevante desde la perspectiva geopol\u00edtica y de los nuevos compromisos que se podr\u00e1n asumir en actividades tales como b\u00fasqueda y salvamento, protecci\u00f3n del medioambiente o control de la pesca ilegal. Chile, pa\u00eds ant\u00e1rtico por antonomasia, lo es hoy todav\u00eda mucho m\u00e1s\u201d, agreg\u00f3 Luis Valent\u00edn Ferrada, investigador del Instituto Milenio Base.<\/p>\n\n\n\n<p>\u201cNos va a permitir hacer un muestreo largo en tiempo y una gran dispersi\u00f3n geogr\u00e1fica en Ant\u00e1rtica en lo que tiene que ver con los hidrocarburos polic\u00edclicos arom\u00e1ticos\u201d, a\u00f1ade el Dr. Crist\u00f3bal Galb\u00e1n de la Universidad Mayor.<\/p>\n\n\n\n<p>Asimismo, el Dr. Iv\u00e1n G\u00f3mez, director del Centro IDEAL, dijo que \u201ces realmente un hito para la ciencia ant\u00e1rtica, ya que es la primera embarcaci\u00f3n de este tipo que es construida en Latinoam\u00e9rica y dotada de la m\u00e1s alta tecnolog\u00eda para poder realizar todo tipo de estudios oceanogr\u00e1ficos y biolog\u00eda marina en general. Adem\u00e1s, para todos los centros que estamos ligados a la investigaci\u00f3n ant\u00e1rtica es una primera aproximaci\u00f3n de lo que vamos a poder proyectar a futuro\u201d.<\/p>\n\n\n\n<p>El viaje al Continente Blanco forma parte de la Comisi\u00f3n Ant\u00e1rtica (Comantar) 2024-2025 que lleva a cabo la Armada de Chile para desarrollar distintas tareas en el Territorio Chileno Ant\u00e1rtico, como el aprovisionamiento y apoyo log\u00edstico para mantener las bases operativas durante el a\u00f1o, adem\u00e1s de la realizaci\u00f3n de la mantenci\u00f3n de la se\u00f1alizaci\u00f3n mar\u00edtima ant\u00e1rtica, trabajos de hidrograf\u00eda y oceanograf\u00eda, tareas de b\u00fasqueda y rescate mar\u00edtimo y apoyo cient\u00edfico.<\/p>\n\n\n\n<p>Por su parte, el comandante en Jefe de la Armada, almirante Juan Andr\u00e9s de la Maza, a\u00f1adi\u00f3 que \u201cesta campa\u00f1a est\u00e1 orientada a terminar algunas de las pruebas que tiene pendiente la nave, una de ellas es el rompimiento de hielo, para lo que este buque fue dise\u00f1ado. Tambi\u00e9n, en coordinaci\u00f3n con el INACH vamos a aprovechar en esta primera misi\u00f3n llevar al primer n\u00facleo cient\u00edfico que va a probar el buque y los laboratorios\u201d.<\/p>\n","protected":false},"excerpt":{"rendered":"<p>El nuevo rompehielos&nbsp;Almirante \u00d3scar Viel, de la Armada de Chile, comenz\u00f3 su aventura polar con su primera recalada en el Continente Blanco. El nav\u00edo ant\u00e1rtico lleg\u00f3 el domingo 12 de&#8230; <a class=\"read-more\" href=\"https:\/\/www.radiopresidenteibanez.cl\/web\/integrantes-del-programa-nacional-de-ciencia-antartica-llegan-al-continente-blanco-en-la-primera-travesia-del-rompehielos-oscar-viel\/\">Leer m\u00e1s<\/a><\/p>\n","protected":false},"author":2,"featured_media":53651,"comment_status":"closed","ping_status":"closed","sticky":false,"template":"","format":"standard","meta":{"footnotes":""},"categories":[1],"tags":[],"class_list":["post-53650","post","type-post","status-publish","format-standard","has-post-thumbnail","hentry","category-cronica"],"_links":{"self":[{"href":"https:\/\/www.radiopresidenteibanez.cl\/web\/wp-json\/wp\/v2\/posts\/53650","targetHints":{"allow":["GET"]}}],"collection":[{"href":"https:\/\/www.radiopresidenteibanez.cl\/web\/wp-json\/wp\/v2\/posts"}],"about":[{"href":"https:\/\/www.radiopresidenteibanez.cl\/web\/wp-json\/wp\/v2\/types\/post"}],"author":[{"embeddable":true,"href":"https:\/\/www.radiopresidenteibanez.cl\/web\/wp-json\/wp\/v2\/users\/2"}],"replies":[{"embeddable":true,"href":"https:\/\/www.radiopresidenteibanez.cl\/web\/wp-json\/wp\/v2\/comments?post=53650"}],"version-history":[{"count":0,"href":"https:\/\/www.radiopresidenteibanez.cl\/web\/wp-json\/wp\/v2\/posts\/53650\/revisions"}],"wp:featuredmedia":[{"embeddable":true,"href":"https:\/\/www.radiopresidenteibanez.cl\/web\/wp-json\/wp\/v2\/media\/53651"}],"wp:attachment":[{"href":"https:\/\/www.radiopresidenteibanez.cl\/web\/wp-json\/wp\/v2\/media?parent=53650"}],"wp:term":[{"taxonomy":"category","embeddable":true,"href":"https:\/\/www.radiopresidenteibanez.cl\/web\/wp-json\/wp\/v2\/categories?post=53650"},{"taxonomy":"post_tag","embeddable":true,"href":"https:\/\/www.radiopresidenteibanez.cl\/web\/wp-json\/wp\/v2\/tags?post=53650"}],"curies":[{"name":"wp","href":"https:\/\/api.w.org\/{rel}","templated":true}]}}