{"id":5365,"date":"2019-06-27T18:40:50","date_gmt":"2019-06-27T18:40:50","guid":{"rendered":"http:\/\/www.radiopresidenteibanez.cl\/web\/?p=5365"},"modified":"2019-06-27T18:41:34","modified_gmt":"2019-06-27T18:41:34","slug":"tras-despidos-en-mina-invierno-las-tronaduras-siempre-han-existido-y-no-solo-en-el-area-minera-si-no-para-construccion-de-caminos-y-tuneles","status":"publish","type":"post","link":"https:\/\/www.radiopresidenteibanez.cl\/web\/tras-despidos-en-mina-invierno-las-tronaduras-siempre-han-existido-y-no-solo-en-el-area-minera-si-no-para-construccion-de-caminos-y-tuneles\/","title":{"rendered":"TRAS DESPIDOS EN MINA INVIERNO \u201cLAS TRONADURAS SIEMPRE HAN EXISTIDO Y NO SOLO EN EL \u00c1REA MINERA, SI NO PARA CONSTRUCCI\u00d3N DE CAMINOS Y T\u00daNELES\u201d"},"content":{"rendered":"\n<p>As\u00ed lo se\u00f1alo la directiva del Sindicato de Trabajadores Enap\nMagallanes a trav\u00e9s de su presidente Alejandro Avenda\u00f1o Gallardo, para nosotros\nlos petroleros que hemos vivido esta penosa situaci\u00f3n de despidos masivos, nos\npreocupa lo que esta sucediendo con los compa\u00f1eros trabajadores de Mina\nInvierno, hemos sido testigos de la desaz\u00f3n y angustia de estos compa\u00f1eros est\u00e1n\npasando ya que sus reuniones la realizan en nuestra sede sindical.<\/p>\n\n\n\n<p>Cabe se\u00f1alar que detr\u00e1s de esta medida de Mina Invierno de despidos\nmasivos &nbsp;primero tiene un tremendo\nimpacto social, que involucra a todo el grupo familiar, aqu\u00ed el 90% de los trabajadores\nson mano de obra local, por otro lado tambi\u00e9n el perjuicio econ\u00f3mico para la Regi\u00f3n\nde Magallanes, sobre todo que considerando las empresas contratistas que\ntambi\u00e9n han tenido que tomar medidas similares de despido de trabajadores, aqu\u00ed\nse est\u00e1 jugando hasta con la seguridad ya que la incertidumbre y preocupaci\u00f3n\nde los trabajadores los hace no estar atentos totalmente en su trabajo diario. &nbsp;&nbsp;<\/p>\n\n\n\n<p>Las tronaduras siempre han existido y no solo en nuestro pa\u00eds y no tan\nsolo para lo que es el \u00e1rea minera, la modernizaci\u00f3n en el \u00e1mbito no solo de\nconstrucci\u00f3n de carreteras si no grandes t\u00faneles se han usado y se seguir\u00e1n\nusando, obteniendo los permisos correspondientes y cumpliendo las normativas permisos\ny fiscalizaciones que corresponden, recordar que en Tierra del Fuego en la construcci\u00f3n\ndel camino Vicu\u00f1a-Yendegaia, tambi\u00e9n\nse ha tenido que usar tronaduras en m\u00e1s de un sector para el avance en su\nconstrucci\u00f3n.<\/p>\n\n\n\n<p>Finalmente esperamos que con el ingreso del escrito al tribunal ambiental para solicitar el alzamiento de la medida cautelar que restringe el uso de tronaduras sea acogido favorablemente, toda vez que ya hab\u00edan sido autorizados y con ello haber realizado 43 tronaduras, este alzamiento de la medida por un lado frenar\u00eda los despidos masivos de la minera como as\u00ed tambi\u00e9n que los compa\u00f1eros que a la fecha han perdido su fuente laboral y que han sido capacitados para estas operaciones puedan en un breve plazo volver a retomar su fuente laboral, finalizo se\u00f1alando Avenda\u00f1o m\u00e1ximo l\u00edder de los petroleros.<\/p>\n\n\n\n<figure class=\"wp-block-image\"><img loading=\"lazy\" decoding=\"async\" width=\"677\" height=\"400\" src=\"http:\/\/www.radiopresidenteibanez.cl\/web\/wp-content\/uploads\/2019\/01\/Mina-Invierno.jpg\" alt=\"\" class=\"wp-image-391\" srcset=\"https:\/\/www.radiopresidenteibanez.cl\/web\/wp-content\/uploads\/2019\/01\/Mina-Invierno.jpg 677w, https:\/\/www.radiopresidenteibanez.cl\/web\/wp-content\/uploads\/2019\/01\/Mina-Invierno-300x177.jpg 300w\" sizes=\"auto, (max-width: 677px) 100vw, 677px\" \/><\/figure>\n","protected":false},"excerpt":{"rendered":"<p>As\u00ed lo se\u00f1alo la directiva del Sindicato de Trabajadores Enap Magallanes a trav\u00e9s de su presidente Alejandro Avenda\u00f1o Gallardo, para nosotros los petroleros que hemos vivido esta penosa situaci\u00f3n de&#8230; <a class=\"read-more\" href=\"https:\/\/www.radiopresidenteibanez.cl\/web\/tras-despidos-en-mina-invierno-las-tronaduras-siempre-han-existido-y-no-solo-en-el-area-minera-si-no-para-construccion-de-caminos-y-tuneles\/\">Leer m\u00e1s<\/a><\/p>\n","protected":false},"author":2,"featured_media":391,"comment_status":"closed","ping_status":"closed","sticky":false,"template":"","format":"standard","meta":{"footnotes":""},"categories":[1],"tags":[],"class_list":["post-5365","post","type-post","status-publish","format-standard","has-post-thumbnail","hentry","category-cronica"],"_links":{"self":[{"href":"https:\/\/www.radiopresidenteibanez.cl\/web\/wp-json\/wp\/v2\/posts\/5365","targetHints":{"allow":["GET"]}}],"collection":[{"href":"https:\/\/www.radiopresidenteibanez.cl\/web\/wp-json\/wp\/v2\/posts"}],"about":[{"href":"https:\/\/www.radiopresidenteibanez.cl\/web\/wp-json\/wp\/v2\/types\/post"}],"author":[{"embeddable":true,"href":"https:\/\/www.radiopresidenteibanez.cl\/web\/wp-json\/wp\/v2\/users\/2"}],"replies":[{"embeddable":true,"href":"https:\/\/www.radiopresidenteibanez.cl\/web\/wp-json\/wp\/v2\/comments?post=5365"}],"version-history":[{"count":0,"href":"https:\/\/www.radiopresidenteibanez.cl\/web\/wp-json\/wp\/v2\/posts\/5365\/revisions"}],"wp:featuredmedia":[{"embeddable":true,"href":"https:\/\/www.radiopresidenteibanez.cl\/web\/wp-json\/wp\/v2\/media\/391"}],"wp:attachment":[{"href":"https:\/\/www.radiopresidenteibanez.cl\/web\/wp-json\/wp\/v2\/media?parent=5365"}],"wp:term":[{"taxonomy":"category","embeddable":true,"href":"https:\/\/www.radiopresidenteibanez.cl\/web\/wp-json\/wp\/v2\/categories?post=5365"},{"taxonomy":"post_tag","embeddable":true,"href":"https:\/\/www.radiopresidenteibanez.cl\/web\/wp-json\/wp\/v2\/tags?post=5365"}],"curies":[{"name":"wp","href":"https:\/\/api.w.org\/{rel}","templated":true}]}}