{"id":53644,"date":"2025-01-14T14:38:00","date_gmt":"2025-01-14T17:38:00","guid":{"rendered":"https:\/\/www.radiopresidenteibanez.cl\/web\/?p=53644"},"modified":"2025-01-14T10:52:37","modified_gmt":"2025-01-14T13:52:37","slug":"nuevos-gendarmes-destinados-a-la-region-recibieron-bienvenida-de-sus-autoridades","status":"publish","type":"post","link":"https:\/\/www.radiopresidenteibanez.cl\/web\/nuevos-gendarmes-destinados-a-la-region-recibieron-bienvenida-de-sus-autoridades\/","title":{"rendered":"NUEVOS GENDARMES DESTINADOS A LA REGI\u00d3N RECIBIERON BIENVENIDA DE SUS AUTORIDADES"},"content":{"rendered":"\n<p>La Secretaria Regional Ministerial de Justicia y DD.HH., Michelle Peutat Alvarado, particip\u00f3 junto al<br>Director Regional de Gendarmer\u00eda, coronel Freddy Molinet Anoni, de la recepci\u00f3n de siete<br>uniformados &#8211; cuatro hombres y tres mujeres-, reci\u00e9n egresados de la Escuela de Gendarmer\u00eda de<br>Chile y que se suman a la labor que cumple la instituci\u00f3n penitenciaria en Magallanes.<\/p>\n\n\n\n<p>Se trata de los gendarmes Camila Beltr\u00e1n Hern\u00e1ndez, V\u00edctor Bolados Vergara, Constanza Bustos<br>Salgado, Mat\u00edas Toloza Melgarejo, Gerald Fuentes Fuentes, Magdalena Salazar Escalona y Marco<br>Am\u00e9stica Hern\u00e1ndez, quienes egresaron el pasado 19 de diciembre y el domingo arribaron a su<br>nueva y primera destinaci\u00f3n.<\/p>\n\n\n\n<p>Durante la bienvenida al grupo, ambas autoridades dialogaron con el nuevo contingente, quienes<br>inmediatamente pasan a cumplir funciones en las unidades penales de la regi\u00f3n, ya nombrados<br>como gendarmes, y quienes ya tienen responsabilidad administrativa desde el d\u00eda que egresaron<br>de la escuela, manifest\u00f3 el coronel Freddy Molinet.<\/p>\n\n\n\n<p>El oficial agradeci\u00f3 al alto mando de Gendarmer\u00eda y a la Seremi de Justicia por su respaldo para la<br>llegada de estos siete efectivos, quienes vienen a apoyar la gesti\u00f3n en seguridad de las unidades<br>penales, junto con servir de recambio de los m\u00e1s antiguos y aliviar en algo la pauta de servicio,<br>dada la escasez que exist\u00eda de personal. Molinet se mostr\u00f3 al menos conforme con este logro, en<br>comparaci\u00f3n con los a\u00f1os 2024, en que no llegaron nuevos egresados a la regi\u00f3n, y 2023, en que<br>s\u00f3lo se incorpor\u00f3 un funcionario.<\/p>\n\n\n\n<p>La Seremi Michelle Peutat destac\u00f3 la vocaci\u00f3n de servicio de los nuevos servidores p\u00fablicos,<br>resaltando que la regi\u00f3n es un lugar ideal para iniciar su desarrollo profesional. Adem\u00e1s, mencion\u00f3<br>que, a pesar de los rigores del invierno, la calidad de vida en diversos \u00e1mbitos compensa este<br>desaf\u00edo. Tambi\u00e9n los alent\u00f3 a involucrarse en otras \u00e1reas del trabajo de Gendarmer\u00eda,<br>particularmente en la reinserci\u00f3n social, que se lleva a cabo dentro de las unidades penales.<\/p>\n\n\n\n<p>Subray\u00f3 que existen condiciones para avanzar en este campo, siempre trabajando en estrecha<br>colaboraci\u00f3n con los funcionarios y funcionarias de Gendarmer\u00eda, quienes desempe\u00f1an su labor<br>con gran compromiso y dedicaci\u00f3n diaria.<\/p>\n\n\n\n<p>Entre los nuevos rostros, Camila Beltr\u00e1n, de 25 a\u00f1os, procedente de Valdivia, se mostr\u00f3 agradecida<br>del director nacional y de la recepci\u00f3n por parte de las autoridades regionales, con toda la<br>disposici\u00f3n de llegar a su unidad y poder aportar todos sus conocimientos adquiridos en sus a\u00f1os<br>de formaci\u00f3n. Expres\u00f3 sentirse \u201cdemasiado feliz de llegar a la regi\u00f3n\u201d, motivada por conocer sus<br>atractivos y perfeccionarse en su \u00e1rea de seguridad y reinserci\u00f3n social de personas privadas de<br>libertad.<\/p>\n\n\n\n<p>El gendarme Gerald Fuentes, 23 a\u00f1os, quien vino de Pailahueque, comuna de Ercilla, resalt\u00f3 el<br>gratificante y c\u00e1lido recibimiento y \u201cla importancia que nos dieron al llegar a ac\u00e1\u201d, al venir de tan<br>lejos. \u00c9l vino a aportar \u201clo m\u00e1s que se pueda a la seguridad penitenciaria y al orden p\u00fablico\u201d, en<br>especial afrontar todas las adversidades en una zona tan extrema, conocer c\u00f3mo trabajan los<br>funcionarios en especial con este clima, y \u201cc\u00f3mo se siguen respetando de forma muy arraigada los<br>derechos humanos tanto de los funcionarios como de los internos\u201d.<\/p>\n\n\n\n<p>En materia de servicio, el Director Regional de Gendarmer\u00eda confirm\u00f3 la distribuci\u00f3n de los nuevos<br>funcionarios a contar de este martes, siendo cinco de ellos destinados al Complejo Penitenciario<br>de Punta Arenas; uno para el Centro de Detenci\u00f3n Preventiva (CDP) de Puerto Natales; y uno para<br>la USEP (Unidad de Servicios Especiales Penitenciarios).<\/p>\n","protected":false},"excerpt":{"rendered":"<p>La Secretaria Regional Ministerial de Justicia y DD.HH., Michelle Peutat Alvarado, particip\u00f3 junto alDirector Regional de Gendarmer\u00eda, coronel Freddy Molinet Anoni, de la recepci\u00f3n de sieteuniformados &#8211; cuatro hombres y&#8230; <a class=\"read-more\" href=\"https:\/\/www.radiopresidenteibanez.cl\/web\/nuevos-gendarmes-destinados-a-la-region-recibieron-bienvenida-de-sus-autoridades\/\">Leer m\u00e1s<\/a><\/p>\n","protected":false},"author":2,"featured_media":53645,"comment_status":"closed","ping_status":"closed","sticky":false,"template":"","format":"standard","meta":{"footnotes":""},"categories":[1],"tags":[],"class_list":["post-53644","post","type-post","status-publish","format-standard","has-post-thumbnail","hentry","category-cronica"],"_links":{"self":[{"href":"https:\/\/www.radiopresidenteibanez.cl\/web\/wp-json\/wp\/v2\/posts\/53644","targetHints":{"allow":["GET"]}}],"collection":[{"href":"https:\/\/www.radiopresidenteibanez.cl\/web\/wp-json\/wp\/v2\/posts"}],"about":[{"href":"https:\/\/www.radiopresidenteibanez.cl\/web\/wp-json\/wp\/v2\/types\/post"}],"author":[{"embeddable":true,"href":"https:\/\/www.radiopresidenteibanez.cl\/web\/wp-json\/wp\/v2\/users\/2"}],"replies":[{"embeddable":true,"href":"https:\/\/www.radiopresidenteibanez.cl\/web\/wp-json\/wp\/v2\/comments?post=53644"}],"version-history":[{"count":0,"href":"https:\/\/www.radiopresidenteibanez.cl\/web\/wp-json\/wp\/v2\/posts\/53644\/revisions"}],"wp:featuredmedia":[{"embeddable":true,"href":"https:\/\/www.radiopresidenteibanez.cl\/web\/wp-json\/wp\/v2\/media\/53645"}],"wp:attachment":[{"href":"https:\/\/www.radiopresidenteibanez.cl\/web\/wp-json\/wp\/v2\/media?parent=53644"}],"wp:term":[{"taxonomy":"category","embeddable":true,"href":"https:\/\/www.radiopresidenteibanez.cl\/web\/wp-json\/wp\/v2\/categories?post=53644"},{"taxonomy":"post_tag","embeddable":true,"href":"https:\/\/www.radiopresidenteibanez.cl\/web\/wp-json\/wp\/v2\/tags?post=53644"}],"curies":[{"name":"wp","href":"https:\/\/api.w.org\/{rel}","templated":true}]}}