{"id":53641,"date":"2025-01-14T12:55:00","date_gmt":"2025-01-14T15:55:00","guid":{"rendered":"https:\/\/www.radiopresidenteibanez.cl\/web\/?p=53641"},"modified":"2025-01-14T10:37:11","modified_gmt":"2025-01-14T13:37:11","slug":"el-amor-y-la-agonia-envueltos-en-soledad-de-tantas-piezas-obscuras-que-tuviste-que-alumbrar-canta-patricio-manns","status":"publish","type":"post","link":"https:\/\/www.radiopresidenteibanez.cl\/web\/el-amor-y-la-agonia-envueltos-en-soledad-de-tantas-piezas-obscuras-que-tuviste-que-alumbrar-canta-patricio-manns\/","title":{"rendered":"El amor y la agon\u00eda envueltos en soledad de tantas piezas obscuras que tuviste que alumbrar..\u00bb canta Patricio Manns"},"content":{"rendered":"\n<p>Los trabajadores, m\u00e1s all\u00e1 de sus ideas pol\u00edticas y\/o religiosas &#8211; por muy justas que estas sean &#8211; deben entender que son seres humanos con deberes y derechos a los que no pueden renunciar.<br>Son parte de una clase, la clase trabajadora, tienen en sus manos la posibilidad de construir una sociedad justa y digna para ellos y sus familias, pero deben luchar por ello.<br>La lucha econ\u00f3mica \u2013 que es de donde parte todo \u2013 es una parte de la lucha por el cambio social. En ambas luchas (econ\u00f3mica y por el cambio social) la clase puede salir triunfadora, si se sostiene y desarrolla en organizaciones activas y representativas.<\/p>\n\n\n\n<p>2.- La lucha econ\u00f3mica es la que damos en la organizaci\u00f3n sindical, cuando presentamos proyectos de contrato colectivo.<br>Con ella buscamos mejorar nuestras condiciones econ\u00f3micas y sociales relacionadas con la empresa, en el objetivo de lograr una mejor estabilidad de la familia.<br>Se denomina cambio social a una modificaci\u00f3n importante en la estructura de una sociedad.<br>Este cambio puede producirse en los valores, las tradiciones, las normas o las manifestaciones materiales de la comunidad en cuesti\u00f3n.( las \u201cmanifestaciones materiales\u201d son los vestigios arquitect\u00f3nicos, esculturas, templos, calles, monumentos, pir\u00e1mides, ambientes naturales; lo mismo que edificios coloniales, e incluso instalaciones industriales).<br>\u00bfCu\u00e1nto de esto lo tenemos claro? Una buena manera de dignificarse es la educaci\u00f3n en historia y derechos<\/p>\n","protected":false},"excerpt":{"rendered":"<p>Los trabajadores, m\u00e1s all\u00e1 de sus ideas pol\u00edticas y\/o religiosas &#8211; por muy justas que estas sean &#8211; deben entender que son seres humanos con deberes y derechos a los&#8230; <a class=\"read-more\" href=\"https:\/\/www.radiopresidenteibanez.cl\/web\/el-amor-y-la-agonia-envueltos-en-soledad-de-tantas-piezas-obscuras-que-tuviste-que-alumbrar-canta-patricio-manns\/\">Leer m\u00e1s<\/a><\/p>\n","protected":false},"author":2,"featured_media":53642,"comment_status":"closed","ping_status":"closed","sticky":false,"template":"","format":"standard","meta":{"footnotes":""},"categories":[1],"tags":[],"class_list":["post-53641","post","type-post","status-publish","format-standard","has-post-thumbnail","hentry","category-cronica"],"_links":{"self":[{"href":"https:\/\/www.radiopresidenteibanez.cl\/web\/wp-json\/wp\/v2\/posts\/53641","targetHints":{"allow":["GET"]}}],"collection":[{"href":"https:\/\/www.radiopresidenteibanez.cl\/web\/wp-json\/wp\/v2\/posts"}],"about":[{"href":"https:\/\/www.radiopresidenteibanez.cl\/web\/wp-json\/wp\/v2\/types\/post"}],"author":[{"embeddable":true,"href":"https:\/\/www.radiopresidenteibanez.cl\/web\/wp-json\/wp\/v2\/users\/2"}],"replies":[{"embeddable":true,"href":"https:\/\/www.radiopresidenteibanez.cl\/web\/wp-json\/wp\/v2\/comments?post=53641"}],"version-history":[{"count":0,"href":"https:\/\/www.radiopresidenteibanez.cl\/web\/wp-json\/wp\/v2\/posts\/53641\/revisions"}],"wp:featuredmedia":[{"embeddable":true,"href":"https:\/\/www.radiopresidenteibanez.cl\/web\/wp-json\/wp\/v2\/media\/53642"}],"wp:attachment":[{"href":"https:\/\/www.radiopresidenteibanez.cl\/web\/wp-json\/wp\/v2\/media?parent=53641"}],"wp:term":[{"taxonomy":"category","embeddable":true,"href":"https:\/\/www.radiopresidenteibanez.cl\/web\/wp-json\/wp\/v2\/categories?post=53641"},{"taxonomy":"post_tag","embeddable":true,"href":"https:\/\/www.radiopresidenteibanez.cl\/web\/wp-json\/wp\/v2\/tags?post=53641"}],"curies":[{"name":"wp","href":"https:\/\/api.w.org\/{rel}","templated":true}]}}