{"id":53638,"date":"2025-01-14T11:39:00","date_gmt":"2025-01-14T14:39:00","guid":{"rendered":"https:\/\/www.radiopresidenteibanez.cl\/web\/?p=53638"},"modified":"2025-01-14T10:32:34","modified_gmt":"2025-01-14T13:32:34","slug":"tabsa-y-municipalidad-de-primavera-abordan-oportunidades-de-mejora-en-cruce-de-primera-angostura","status":"publish","type":"post","link":"https:\/\/www.radiopresidenteibanez.cl\/web\/tabsa-y-municipalidad-de-primavera-abordan-oportunidades-de-mejora-en-cruce-de-primera-angostura\/","title":{"rendered":"TABSA y Municipalidad de Primavera abordan oportunidades de mejora en cruce de Primera Angostura"},"content":{"rendered":"\n<p>Una cordial reuni\u00f3n mantuvo la Alcaldesa de Primavera, Karina Fern\u00e1ndez, junto al Gerente General de TABSA, Crist\u00f3bal Kulczewski, con el prop\u00f3sito de abordar diversos aspectos del servicio de cruces en Primera Angostura y detectar oportunidades de mejora.<\/p>\n\n\n\n<p>As\u00ed lo destac\u00f3 la edil quien hizo ver la necesidad de disminuir los tiempos de traslado, as\u00ed como tambi\u00e9n ampliar el horario del servicio en el periodo estival e informar a la comunidad, a trav\u00e9s de sus redes sociales, los horarios de cruce especial.<\/p>\n\n\n\n<p>Por otra parte, la Alcaldesa inform\u00f3 sobre la pr\u00f3xima remodelaci\u00f3n del complejo municipal de Bah\u00eda Azul. \u201cEn dicha instancia inform\u00e9 la ejecuci\u00f3n del proyecto de Mejoramiento del Complejo Bah\u00eda Azul, el cual se desarrollar\u00e1 durante 2025 &#8211; 2026. Y adem\u00e1s, esta reuni\u00f3n permiti\u00f3 definir comunicaci\u00f3n ante posibles emergencias\u201d, destac\u00f3 la edil.<\/p>\n\n\n\n<p>Junto con agradecer el inter\u00e9s expresado por la Alcaldesa Karina Fern\u00e1ndez, el Gerente General dijo que la empresa realiza una permanente evaluaci\u00f3n de sus servicios destacando importantes avances en Primera Angostura tales como la incorporaci\u00f3n de un tercer ferry con puerto base en Punta Delgada, acceso a internet gratuito, compra de pasajes en l\u00ednea y la informaci\u00f3n del estado del cruce en la web&nbsp;<a href=\"http:\/\/tabsa.cl\/\" target=\"_blank\" rel=\"noreferrer noopener\">tabsa.cl<\/a>&nbsp;y en radio FM Angostura. \u201cHemos avanzado mucho y estamos seguros de que este tipo de encuentros con las autoridades nos servir\u00e1n para mejorar a\u00fan m\u00e1s nuestro servicio, por lo que estamos muy agradecidos con la Alcaldesa de Primavera\u201d, expres\u00f3 finalmente Crist\u00f3bal Kulczewski.<\/p>\n","protected":false},"excerpt":{"rendered":"<p>Una cordial reuni\u00f3n mantuvo la Alcaldesa de Primavera, Karina Fern\u00e1ndez, junto al Gerente General de TABSA, Crist\u00f3bal Kulczewski, con el prop\u00f3sito de abordar diversos aspectos del servicio de cruces en&#8230; <a class=\"read-more\" href=\"https:\/\/www.radiopresidenteibanez.cl\/web\/tabsa-y-municipalidad-de-primavera-abordan-oportunidades-de-mejora-en-cruce-de-primera-angostura\/\">Leer m\u00e1s<\/a><\/p>\n","protected":false},"author":2,"featured_media":53639,"comment_status":"closed","ping_status":"closed","sticky":false,"template":"","format":"standard","meta":{"footnotes":""},"categories":[1],"tags":[],"class_list":["post-53638","post","type-post","status-publish","format-standard","has-post-thumbnail","hentry","category-cronica"],"_links":{"self":[{"href":"https:\/\/www.radiopresidenteibanez.cl\/web\/wp-json\/wp\/v2\/posts\/53638","targetHints":{"allow":["GET"]}}],"collection":[{"href":"https:\/\/www.radiopresidenteibanez.cl\/web\/wp-json\/wp\/v2\/posts"}],"about":[{"href":"https:\/\/www.radiopresidenteibanez.cl\/web\/wp-json\/wp\/v2\/types\/post"}],"author":[{"embeddable":true,"href":"https:\/\/www.radiopresidenteibanez.cl\/web\/wp-json\/wp\/v2\/users\/2"}],"replies":[{"embeddable":true,"href":"https:\/\/www.radiopresidenteibanez.cl\/web\/wp-json\/wp\/v2\/comments?post=53638"}],"version-history":[{"count":0,"href":"https:\/\/www.radiopresidenteibanez.cl\/web\/wp-json\/wp\/v2\/posts\/53638\/revisions"}],"wp:featuredmedia":[{"embeddable":true,"href":"https:\/\/www.radiopresidenteibanez.cl\/web\/wp-json\/wp\/v2\/media\/53639"}],"wp:attachment":[{"href":"https:\/\/www.radiopresidenteibanez.cl\/web\/wp-json\/wp\/v2\/media?parent=53638"}],"wp:term":[{"taxonomy":"category","embeddable":true,"href":"https:\/\/www.radiopresidenteibanez.cl\/web\/wp-json\/wp\/v2\/categories?post=53638"},{"taxonomy":"post_tag","embeddable":true,"href":"https:\/\/www.radiopresidenteibanez.cl\/web\/wp-json\/wp\/v2\/tags?post=53638"}],"curies":[{"name":"wp","href":"https:\/\/api.w.org\/{rel}","templated":true}]}}