{"id":53635,"date":"2025-01-14T10:37:00","date_gmt":"2025-01-14T13:37:00","guid":{"rendered":"https:\/\/www.radiopresidenteibanez.cl\/web\/?p=53635"},"modified":"2025-01-14T09:40:08","modified_gmt":"2025-01-14T12:40:08","slug":"musico-magallanico-rafael-cheuquelaf-presentara-en-vivo-su-disco-tiempo-profundo","status":"publish","type":"post","link":"https:\/\/www.radiopresidenteibanez.cl\/web\/musico-magallanico-rafael-cheuquelaf-presentara-en-vivo-su-disco-tiempo-profundo\/","title":{"rendered":"M\u00fasico magall\u00e1nico Rafael Cheuquelaf presentar\u00e1 en vivo su disco \u00abTIEMPO PROFUNDO\u00bb"},"content":{"rendered":"\n<p>Un viaje al pasado remoto de Magallanes a trav\u00e9s de la M\u00fasica Electr\u00f3nica es el que brindar\u00e1 este pr\u00f3ximo s\u00e1bado en el Museo de Historia Natural \u00abR\u00edo Seco\u00bb el compositor Rafael Cheuquelaf Bradasic, integrante del hist\u00f3rico d\u00fao LLUVIA \u00c1CIDA y que presentar\u00e1 su disco en formato solista \u00abTIEMPO PROFUNDO\u00bb (Eolo, 2024). Se trata de un conjunto de ocho temas que se inspiran en diversos conceptos de la geolog\u00eda y la paleontolog\u00eda, que fueron los temas explorados en una residencia de Arte y Ciencia realizada por el \u00c1rea de Artes, Culturas y Patrimonios de la Universidad de Magallanes y que se prolong\u00f3 por un a\u00f1o. Rafael Cheuquelaf fue parte de su equipo organizador y quiso plasmar mediante el uso de sintetizadores anal\u00f3gicos y softwares digitales la impresi\u00f3n que le produjo esta experiencia.&nbsp;<\/p>\n\n\n\n<p>No es la primera vez que Rafael Cheuquelaf se inspira en tem\u00e1ticas cient\u00edficas. Con LLUVIA \u00c1CIDA, d\u00fao que integra junto a H\u00e9ctor Aguilar y que pr\u00f3ximamente cumplir\u00e1 30 A\u00f1os de existencia, ha abordado la tem\u00e1tica ant\u00e1rtica con obras como \u00abAntartikos\u00bb (2005), \u00abInsula in albis\u00bb (2023) y \u00abCiencia Sur\u00bb (2017). Ahora toma como inspiraci\u00f3n el concepto de \u00abTiempo Profundo\u00bb, acu\u00f1ado por&nbsp;el ge\u00f3logo escoc\u00e9s James Hutton en el siglo XVIII y que nos ayuda a imaginar algo completamente ajeno a la experiencia humana: el pasado lejano.&nbsp;\u00abEn esta residencia exploramos la isla de Tierra del Fuego y usamos nuestra imaginaci\u00f3n para retroceder en el tiempo, hacia el inicio del Ciclo de las Rocas.&nbsp;Ah\u00ed estuve contemplando el Parque de los Estromatolitos, los restos de una verdadera ciudad construida por una colonia de cianobacterias, los organismos m\u00e1s antiguos del planeta que a\u00fan existen. Vi f\u00f3siles de amonites en la colecci\u00f3n del Instituto de la Patagonia y los imagin\u00e9 vivos, nadando y extendiendo sus tent\u00e1culos en las aguas de la era Cret\u00e1cica. Me maravill\u00e9 con \u00abFiona\u00bb, la&nbsp;ictiosauria&nbsp;pre\u00f1ada cuyos restos fosilizados fueron extra\u00eddos frente al glaciar Tyndall. Supe que en alg\u00fan momento existi\u00f3 el llamado \u00abManto de Hielo Patag\u00f3nico\u00bb, que durante la \u00faltima Era Glacial cubri\u00f3 toda la zona austral de Chile. Contempl\u00e9 bloques err\u00e1ticos, grandes piedras arrancadas por el hielo desde la cima de distantes monta\u00f1as y depositadas sobre la estepa fueguina.&nbsp;Y pens\u00e9 en todas los cambios que experiment\u00f3 el paisaje patag\u00f3nico durante el periodo Cuaternario, al final del cual aparece por estos lados una especie que estaba expandi\u00e9ndose por el mundo y que hoy amenaza con volverlo&nbsp;inhabitable&nbsp;para su propia descendencia: los Humanos\u00bb, reflexiona el autor.<\/p>\n\n\n\n<p>El sonido de esta obra, que ha sido destacada por medios como \u00abEl Mercurio\u00bb y la p\u00e1gina web de la SCD&nbsp;<a href=\"http:\/\/www.musicachilena.cl\/\" target=\"_blank\" rel=\"noreferrer noopener\">www.musicachilena.cl<\/a>,&nbsp;est\u00e1 marcada por los timbres de sintetizadores an\u00e1logos, usados tanto de manera mel\u00f3dica como para esculpir ambientes de corte m\u00e1s abstracto. Cont\u00f3 con el trabajo de masterizaci\u00f3n del destacado m\u00fasico electr\u00f3nico chileno Danieto.&nbsp;Destaca la colaboraci\u00f3n con el acad\u00e9mico de la Escuela de Pedagog\u00eda en Artes Musicales de la UMAG Fernando Alarc\u00f3n, qui\u00e9n escribi\u00f3 arreglos corales para el tema que cierra el disco, \u00abPrimer fuego en Karukinka\u00bb, que imagina la llegada de los primeros humanos a la isla de Tierra del Fuego. Las voces fueron grabadas por el coro Arte Vocal, bajo la direcci\u00f3n de Manuel Rodr\u00edguez. El disco est\u00e1&nbsp;disponible para su escucha en las plataformas Spotify, Bandcamp, You Tube, Apple Music y Amazon Music.&nbsp;La imagen de portada es una fotograf\u00eda tomada por el autor a la escritora y performer francesa Julie Pichavant, en el contexto de dicha residencia realizada por la UMAG en mayo pasado en la Casa Museo \u00abAlberto Baeriswyl\u00bb (CAB), en Puerto Yartou (isla de Tierra del Fuego).&nbsp;\u00abCon estos temas instrumentales he querido recordar la brevedad de nuestra existencia frente a la vastedad del Tiempo Geol\u00f3gico. Espero que logren transmitir la inquietud existencial que sent\u00ed, cuando me imagin\u00e9 a m\u00ed mismo como un peque\u00f1o organismo flotando en el mar, en el comienzo de todo\u00bb, concluye Rafael Cheuquelaf. El recital, cuya entrada es liberada y abierta a toda la comunidad magall\u00e1nica, se realizar\u00e1 este s\u00e1bado&nbsp;18 de Enero a partir de las 18:00 hrs. en la sala de cine \u00abEl Techo de la Ballena\u00bb, en el pabell\u00f3n \u00abAnelio Aguayo\u00bb del Museo de Historia Natural \u00abR\u00edo Seco\u00bb.<\/p>\n","protected":false},"excerpt":{"rendered":"<p>Un viaje al pasado remoto de Magallanes a trav\u00e9s de la M\u00fasica Electr\u00f3nica es el que brindar\u00e1 este pr\u00f3ximo s\u00e1bado en el Museo de Historia Natural \u00abR\u00edo Seco\u00bb el compositor&#8230; <a class=\"read-more\" href=\"https:\/\/www.radiopresidenteibanez.cl\/web\/musico-magallanico-rafael-cheuquelaf-presentara-en-vivo-su-disco-tiempo-profundo\/\">Leer m\u00e1s<\/a><\/p>\n","protected":false},"author":2,"featured_media":53636,"comment_status":"closed","ping_status":"closed","sticky":false,"template":"","format":"standard","meta":{"footnotes":""},"categories":[1],"tags":[],"class_list":["post-53635","post","type-post","status-publish","format-standard","has-post-thumbnail","hentry","category-cronica"],"_links":{"self":[{"href":"https:\/\/www.radiopresidenteibanez.cl\/web\/wp-json\/wp\/v2\/posts\/53635","targetHints":{"allow":["GET"]}}],"collection":[{"href":"https:\/\/www.radiopresidenteibanez.cl\/web\/wp-json\/wp\/v2\/posts"}],"about":[{"href":"https:\/\/www.radiopresidenteibanez.cl\/web\/wp-json\/wp\/v2\/types\/post"}],"author":[{"embeddable":true,"href":"https:\/\/www.radiopresidenteibanez.cl\/web\/wp-json\/wp\/v2\/users\/2"}],"replies":[{"embeddable":true,"href":"https:\/\/www.radiopresidenteibanez.cl\/web\/wp-json\/wp\/v2\/comments?post=53635"}],"version-history":[{"count":0,"href":"https:\/\/www.radiopresidenteibanez.cl\/web\/wp-json\/wp\/v2\/posts\/53635\/revisions"}],"wp:featuredmedia":[{"embeddable":true,"href":"https:\/\/www.radiopresidenteibanez.cl\/web\/wp-json\/wp\/v2\/media\/53636"}],"wp:attachment":[{"href":"https:\/\/www.radiopresidenteibanez.cl\/web\/wp-json\/wp\/v2\/media?parent=53635"}],"wp:term":[{"taxonomy":"category","embeddable":true,"href":"https:\/\/www.radiopresidenteibanez.cl\/web\/wp-json\/wp\/v2\/categories?post=53635"},{"taxonomy":"post_tag","embeddable":true,"href":"https:\/\/www.radiopresidenteibanez.cl\/web\/wp-json\/wp\/v2\/tags?post=53635"}],"curies":[{"name":"wp","href":"https:\/\/api.w.org\/{rel}","templated":true}]}}