{"id":53621,"date":"2025-01-13T16:47:00","date_gmt":"2025-01-13T19:47:00","guid":{"rendered":"https:\/\/www.radiopresidenteibanez.cl\/web\/?p=53621"},"modified":"2025-01-13T10:31:33","modified_gmt":"2025-01-13T13:31:33","slug":"subsecretaria-elgueta-participa-en-inauguracion-del-primer-conjunto-habitacional-en-torres-del-paine","status":"publish","type":"post","link":"https:\/\/www.radiopresidenteibanez.cl\/web\/subsecretaria-elgueta-participa-en-inauguracion-del-primer-conjunto-habitacional-en-torres-del-paine\/","title":{"rendered":"Subsecretaria Elgueta participa en inauguraci\u00f3n del primer conjunto habitacional en Torres del Paine"},"content":{"rendered":"\n<p>\u201cHasta aqu\u00ed tambi\u00e9n lleg\u00f3 el Minvu\u201d, se\u00f1al\u00f3 la subsecretaria de Vivienda y Urbanismo,&nbsp;<strong>Gabriela Elgueta Poblete<\/strong>, quien particip\u00f3 en la hist\u00f3rica entrega de las primeras soluciones habitacionales destinadas a familias de Cerro Castillo, en la comuna de Torres del Paine.<\/p>\n\n\n\n<p>Con la inauguraci\u00f3n del conjunto Esperanza, proyecto habitacional que benefici\u00f3 a 10 familias que se mantienen en la zona para aportar al desarrollo de esta comuna ubicada al norte de la Provincia de \u00daltima Esperanza, puerta de entrada al Parque Nacional Torres del Paine, el Plan de Emergencia Habitacional del Minvu en la regi\u00f3n super\u00f3 con creces la meta regional, llegando a un 123,5% con 2.424 unidades entregadas.<\/p>\n\n\n\n<p>En la actividad, tambi\u00e9n participaron el seremi de Vivienda y Urbanismo,&nbsp;<strong>Marco Uribe Saldivia<\/strong>, y el director (S) del Serviu,&nbsp;<strong>Omar Gonz\u00e1lez Asenjo<\/strong>; adem\u00e1s del gobernador de la regi\u00f3n de Magallanes y de la Ant\u00e1rtica Chilena,&nbsp;<strong>Jorge Flies A\u00f1\u00f3n<\/strong>; el Delegado Presidencial Regional,&nbsp;<strong>Jos\u00e9 Ruiz Pivcevic<\/strong>; la alcaldesa de Torres del Paine,&nbsp;<strong>Anah\u00ed C\u00e1rdenas Rodr\u00edguez<\/strong>, y autoridades provinciales y de la comuna.<\/p>\n\n\n\n<p>\u201cEste proyecto cumple un anhelo que durante d\u00e9cadas fue postergado para esta comunidad, siendo un signo visible de la justicia territorial. La construcci\u00f3n de estas viviendas, las primeras en la historia de esta comuna, demuestra que el Plan de Emergencia Habitacional no es s\u00f3lo un compromiso, sino una realidad que llega hasta los lugares m\u00e1s remotos de nuestro pa\u00eds.\u201d, dijo la subsecretaria Minvu, Gabriela Elgueta.<\/p>\n\n\n\n<p>Asimismo, indic\u00f3 que \u201cesta iniciativa, es parte del programa de Habitabilidad Rural, que ha permitido que estas familias tengan una vivienda propia en esta comuna tan alejada de la urbe. Este es un reflejo del compromiso que tiene el Gobierno de Chile, que se traduce en pol\u00edticas habitacionales inclusivas, que no s\u00f3lo abordan la necesidad habitacional en \u00e1reas urbanas, sino que tambi\u00e9n miran hacia las comunidades rurales de nuestro pa\u00eds.<\/p>\n\n\n\n<p>La construcci\u00f3n de este proyecto habitacional tuvo un costo de inversi\u00f3n de 1.265 millones de pesos y se construy\u00f3 con recursos del Minvu a trav\u00e9s de su programa de Habitabilidad Rural (DS10), junto con aportes del Gobierno Regional y ahorro de las propias familias.<\/p>\n\n\n\n<p><strong>Viviendas de calidad<\/strong><strong><\/strong><\/p>\n\n\n\n<p>Las casas fueron dise\u00f1adas para resistir las condiciones clim\u00e1ticas de la zona, equipadas&nbsp;con calefacci\u00f3n a combusti\u00f3n lenta.&nbsp;Su tipolog\u00eda es de un piso con una superficie de&nbsp;52m<sup>2<\/sup>. Consideran un estar comedor, dos dormitorios, ba\u00f1o y cocina, adem\u00e1s de una ampliaci\u00f3n proyectada. Se entregan con piso flotante en living comedor y dormitorios, pisos de cer\u00e1mica en ba\u00f1o y cocina, cilindros de gas, cierres perimetrales, entre otros.<\/p>\n\n\n\n<p>\u201cFuimos la primera regi\u00f3n en cumplir el Plan de Emergencia Habitacional, pero no nos quedamos ah\u00ed. Porque nuestro gobierno tambi\u00e9n busca la equidad territorial, llegando a las distintas comunas y a sus habitantes\u201d, afirm\u00f3 el delegado Jos\u00e9 Ruiz Pivcevic.<\/p>\n\n\n\n<p>En cuanto a espacios comunes, el proyecto incluye un \u00e1rea verde de una superficie superior a 300 m<sup>2<\/sup>&nbsp;que se entrega con pasto y arborizaci\u00f3n, zonas de juegos infantiles, bancas, basureros y bicicletero.<\/p>\n\n\n\n<p>La organizaci\u00f3n de las familias estuvo a cargo de la entidad patrocinante Inmobiliaria Salfa y la construcci\u00f3n de las viviendas tom\u00f3 s\u00f3lo 10 meses: tres meses antes del fin del contrato. \u201cEste proyecto inici\u00f3 en marzo de 2024 y hoy, iniciando el 2025, estamos muy orgullosos de poder decir que hasta aqu\u00ed tambi\u00e9n lleg\u00f3 el Minvu\u201d, destac\u00f3 el seremi Marco Uribe.<\/p>\n\n\n\n<p>Por su parte, la alcaldesa Anah\u00ed C\u00e1rdenasvalor\u00f3 que este proyectogenerar\u00e1 un gran impacto al desarrollo de la Villa Cerro Castillo, permitiendo que las familias beneficiadas puedan mantenerse en la comuna, ubicada a 60 kil\u00f3metros al norte de Natales, mejorando as\u00ed su calidad de vida.<\/p>\n\n\n\n<p>\u201cEs un sue\u00f1o hecho realidad en una comuna estrat\u00e9gica e importante en la parte geopol\u00edtica. Lo primordial es que esta villa se est\u00e1 consolidando y para seguir en esa l\u00ednea, necesitamos habitantes, necesitamos vecinos. As\u00ed que muy contenta porque los recursos est\u00e1n muy bien invertidos y cumplimos con los sue\u00f1os de nuestras familias\u201d, coment\u00f3 la alcaldesa.<\/p>\n\n\n\n<p><strong>\u201cUn sue\u00f1o hecho realidad\u201d<\/strong><strong><\/strong><\/p>\n\n\n\n<p>El comit\u00e9 de vivienda Esperanza est\u00e1 conformado, en su mayor\u00eda, por beneficiarios que trabajan en estancias dentro de la misma comuna. El grupo est\u00e1 compuesto principalmente por hombres, con dos mujeres y dos personas mayores.<\/p>\n\n\n\n<p>\u201cSomos 10 familias que hoy abrimos las puertas de nuestros hogares. Vienen equipadas con refrigerador, lavadora, lavaplatos, calef\u00f3n, cocina de cuatro platos. Aqu\u00ed se pens\u00f3 en todo y estamos muy agradecidos, esto es muy significativo para nosotros\u201d, dijo&nbsp;<strong>Mariana Mayorga Rojel<\/strong>, presidenta del comit\u00e9 de vivienda Esperanza.<\/p>\n\n\n\n<p>Adem\u00e1s de las viviendas, el Minvu est\u00e1 construyendo en Torres del Paine uno de los primeros Centros Comunitarios de Cuidado de Magallanes: proyecto que presenta cerca de un 90% de avance y que contar\u00e1 con patio interior, sala cultural, sala de cuidados, sala para la econom\u00eda local, oficina y servicios higi\u00e9nicos con accesibilidad universal.<\/p>\n\n\n\n<p>Estos proyectos son parte del&nbsp;compromiso del Gobierno del Presidente Gabriel Boric de llevar soluciones habitacionales y de cuidado a las zonas m\u00e1s aisladas del pa\u00eds, promoviendo de esta forma mayor equidad territorial.<\/p>\n","protected":false},"excerpt":{"rendered":"<p>\u201cHasta aqu\u00ed tambi\u00e9n lleg\u00f3 el Minvu\u201d, se\u00f1al\u00f3 la subsecretaria de Vivienda y Urbanismo,&nbsp;Gabriela Elgueta Poblete, quien particip\u00f3 en la hist\u00f3rica entrega de las primeras soluciones habitacionales destinadas a familias de&#8230; <a class=\"read-more\" href=\"https:\/\/www.radiopresidenteibanez.cl\/web\/subsecretaria-elgueta-participa-en-inauguracion-del-primer-conjunto-habitacional-en-torres-del-paine\/\">Leer m\u00e1s<\/a><\/p>\n","protected":false},"author":2,"featured_media":53622,"comment_status":"closed","ping_status":"closed","sticky":false,"template":"","format":"standard","meta":{"footnotes":""},"categories":[1],"tags":[],"class_list":["post-53621","post","type-post","status-publish","format-standard","has-post-thumbnail","hentry","category-cronica"],"_links":{"self":[{"href":"https:\/\/www.radiopresidenteibanez.cl\/web\/wp-json\/wp\/v2\/posts\/53621","targetHints":{"allow":["GET"]}}],"collection":[{"href":"https:\/\/www.radiopresidenteibanez.cl\/web\/wp-json\/wp\/v2\/posts"}],"about":[{"href":"https:\/\/www.radiopresidenteibanez.cl\/web\/wp-json\/wp\/v2\/types\/post"}],"author":[{"embeddable":true,"href":"https:\/\/www.radiopresidenteibanez.cl\/web\/wp-json\/wp\/v2\/users\/2"}],"replies":[{"embeddable":true,"href":"https:\/\/www.radiopresidenteibanez.cl\/web\/wp-json\/wp\/v2\/comments?post=53621"}],"version-history":[{"count":0,"href":"https:\/\/www.radiopresidenteibanez.cl\/web\/wp-json\/wp\/v2\/posts\/53621\/revisions"}],"wp:featuredmedia":[{"embeddable":true,"href":"https:\/\/www.radiopresidenteibanez.cl\/web\/wp-json\/wp\/v2\/media\/53622"}],"wp:attachment":[{"href":"https:\/\/www.radiopresidenteibanez.cl\/web\/wp-json\/wp\/v2\/media?parent=53621"}],"wp:term":[{"taxonomy":"category","embeddable":true,"href":"https:\/\/www.radiopresidenteibanez.cl\/web\/wp-json\/wp\/v2\/categories?post=53621"},{"taxonomy":"post_tag","embeddable":true,"href":"https:\/\/www.radiopresidenteibanez.cl\/web\/wp-json\/wp\/v2\/tags?post=53621"}],"curies":[{"name":"wp","href":"https:\/\/api.w.org\/{rel}","templated":true}]}}