{"id":53618,"date":"2025-01-13T15:27:00","date_gmt":"2025-01-13T18:27:00","guid":{"rendered":"https:\/\/www.radiopresidenteibanez.cl\/web\/?p=53618"},"modified":"2025-01-13T10:27:40","modified_gmt":"2025-01-13T13:27:40","slug":"clausura-de-los-english-summer-camps-2025-del-ministerio-de-educacion","status":"publish","type":"post","link":"https:\/\/www.radiopresidenteibanez.cl\/web\/clausura-de-los-english-summer-camps-2025-del-ministerio-de-educacion\/","title":{"rendered":"Clausura de los\u00a0English Summer Camps 2025 del Ministerio de Educaci\u00f3n"},"content":{"rendered":"\n<p>concluyeron los Campamentos de Ingl\u00e9s English Summer Camps 2025, organizados por el Programa Ingl\u00e9s Abre Puertas del Ministerio de Educaci\u00f3n, que durante esta semana se realizaron en dependencias del Liceo Sara Braun, dirigidos a 85 estudiantes, de Ense\u00f1anza B\u00e1sica (5\u00b0 a 8\u00b0) y Media (1\u00b0 a 4\u00b0), de establecimientos p\u00fablicos y subvencionados de Punta Arenas.<\/p>\n\n\n\n<p>Valent\u00edn Aguilera G\u00f3mez, seremi de Educaci\u00f3n, destac\u00f3: \u201cEstamos muy contentos de la convocatoria que han tenido los campamentos de ingl\u00e9s, ya que este idioma es gravitante en los \u00e1mbitos del conocimiento cient\u00edfico, el conocimiento Ant\u00e1rtico, la sustentabilidad y el turismo en Magallanes\u201d.<\/p>\n\n\n\n<p>Este a\u00f1o el lema a descubrir en los campamentos fue \u201cTeamwork makes the dream work!\u201d, siendo una instancia gratuita de aprendizaje, donde las y los alumnos se sumergieron en el idioma a trav\u00e9s de juegos, din\u00e1micas y proyectos para practicar la comunicaci\u00f3n oral en ingl\u00e9s y descubrir c\u00f3mo sus elecciones de hoy impactan el camino para alcanzar sus metas.<\/p>\n\n\n\n<p>Lorena Gonz\u00e1lez \u00c1guila, coordinadora del Programa Ingl\u00e9s Abre Puertas de la Secreduc, se\u00f1al\u00f3: \u201cLos campamentos de ingl\u00e9s tienen el sentido de que los estudiantes puedan ir desarrollando sus habilidades comunicativas del idioma y tenemos varios casos de alumnos que participaron en los campamentos, luego estudiaron la carrera de Pedagog\u00eda en Ingl\u00e9s y han trabajado con nosotros como monitores y como facilitadores. Por lo tanto, eso tambi\u00e9n es una evidencia de la importancia de esta actividad\u201d.<\/p>\n\n\n\n<p>Los campamentos fueron liderados por dos monitores, docentes de ingl\u00e9s, y por cinco facilitadores voluntarios, estudiantes de 4\u00b0 y 5\u00b0 a\u00f1o de la carrera de Pedagog\u00eda en Ingl\u00e9s de la Universidad de Magallanes, donde el desayuno y el almuerzo de los m\u00e1s de 80 participantes fue suministrado por Junaeb, adem\u00e1s de contar con una cobertura de accidentes escolares en caso de que ocurriera un imprevisto.<\/p>\n\n\n\n<p>Camilo Alvarado Soto, facilitador de los campamentos, relat\u00f3 que \u201cen los camps descubr\u00ed que quer\u00eda ser profesor de ingl\u00e9s, fue el momento que naci\u00f3 esa chispa de qu\u00e9 bac\u00e1n es esto, traspasar este amor por ense\u00f1ar ingl\u00e9s, que es algo s\u00faper importante y que es una herramienta para la vida\u201d.<\/p>\n\n\n\n<p>Finalmente, la estudiante de 4\u00b0 medio, Alejandra Hidalgo Rodr\u00edguez, ha participado en al menos tres versiones de esta actividad y en ese sentido, destac\u00f3 la metodolog\u00eda de trabajo de los campamentos: \u201cEs como algo distinto, porque en la escuela siempre hay que hacer trabajos escritos y tienes la presi\u00f3n de una nota, pero ac\u00e1 como que escuchas el ingl\u00e9s y t\u00fa respondes y entras m\u00e1s en confianza\u201d, afirm\u00f3.<\/p>\n","protected":false},"excerpt":{"rendered":"<p>concluyeron los Campamentos de Ingl\u00e9s English Summer Camps 2025, organizados por el Programa Ingl\u00e9s Abre Puertas del Ministerio de Educaci\u00f3n, que durante esta semana se realizaron en dependencias del Liceo&#8230; <a class=\"read-more\" href=\"https:\/\/www.radiopresidenteibanez.cl\/web\/clausura-de-los-english-summer-camps-2025-del-ministerio-de-educacion\/\">Leer m\u00e1s<\/a><\/p>\n","protected":false},"author":2,"featured_media":53619,"comment_status":"closed","ping_status":"closed","sticky":false,"template":"","format":"standard","meta":{"footnotes":""},"categories":[1],"tags":[],"class_list":["post-53618","post","type-post","status-publish","format-standard","has-post-thumbnail","hentry","category-cronica"],"_links":{"self":[{"href":"https:\/\/www.radiopresidenteibanez.cl\/web\/wp-json\/wp\/v2\/posts\/53618","targetHints":{"allow":["GET"]}}],"collection":[{"href":"https:\/\/www.radiopresidenteibanez.cl\/web\/wp-json\/wp\/v2\/posts"}],"about":[{"href":"https:\/\/www.radiopresidenteibanez.cl\/web\/wp-json\/wp\/v2\/types\/post"}],"author":[{"embeddable":true,"href":"https:\/\/www.radiopresidenteibanez.cl\/web\/wp-json\/wp\/v2\/users\/2"}],"replies":[{"embeddable":true,"href":"https:\/\/www.radiopresidenteibanez.cl\/web\/wp-json\/wp\/v2\/comments?post=53618"}],"version-history":[{"count":0,"href":"https:\/\/www.radiopresidenteibanez.cl\/web\/wp-json\/wp\/v2\/posts\/53618\/revisions"}],"wp:featuredmedia":[{"embeddable":true,"href":"https:\/\/www.radiopresidenteibanez.cl\/web\/wp-json\/wp\/v2\/media\/53619"}],"wp:attachment":[{"href":"https:\/\/www.radiopresidenteibanez.cl\/web\/wp-json\/wp\/v2\/media?parent=53618"}],"wp:term":[{"taxonomy":"category","embeddable":true,"href":"https:\/\/www.radiopresidenteibanez.cl\/web\/wp-json\/wp\/v2\/categories?post=53618"},{"taxonomy":"post_tag","embeddable":true,"href":"https:\/\/www.radiopresidenteibanez.cl\/web\/wp-json\/wp\/v2\/tags?post=53618"}],"curies":[{"name":"wp","href":"https:\/\/api.w.org\/{rel}","templated":true}]}}